{"id":850,"date":"2025-02-04T21:22:59","date_gmt":"2025-02-04T20:22:59","guid":{"rendered":"https:\/\/www.ify.fr\/sud\/?post_type=actualite&#038;p=850"},"modified":"2025-02-04T21:22:59","modified_gmt":"2025-02-04T20:22:59","slug":"une-bien-belle-journee-de-yoga","status":"publish","type":"actualite","link":"https:\/\/www.ify.fr\/sud\/actualite\/une-bien-belle-journee-de-yoga\/","title":{"rendered":"Une bien belle journ\u00e9e de yoga!"},"content":{"rendered":"\n<p>IFYSUD a organis\u00e9 une journ\u00e9e r\u00e9serv\u00e9e aux professeurs et aux \u00e9l\u00e8ves en formation le samedi 25 janvier 2025. De nombreux professeurs \u00e9taient pr\u00e9sents pour partager et \u00e9changer. Olivier Castor, formateur IFY affili\u00e9 \u00e0 IFYSUD, a propos\u00e9 un atelier autour de la th\u00e9matique: \u00ab\u00a0Comment <em>v\u00e2sana <\/em>et <em>samsk\u00e2ra<\/em> interagissent dans notre pratique et sur notre quotidien?\u00a0\u00bb. <\/p>\n\n\n\n<figure class=\"wp-block-image size-large\"><img loading=\"lazy\" width=\"1024\" height=\"536\" src=\"https:\/\/www.ify.fr\/sud\/wp-content\/uploads\/sites\/12\/2025\/02\/IMG-20250125-WA0010-1024x536.jpg\" alt=\"\" class=\"wp-image-863\" srcset=\"https:\/\/www.ify.fr\/sud\/wp-content\/uploads\/sites\/12\/2025\/02\/IMG-20250125-WA0010-1024x536.jpg 1024w, https:\/\/www.ify.fr\/sud\/wp-content\/uploads\/sites\/12\/2025\/02\/IMG-20250125-WA0010-300x157.jpg 300w, https:\/\/www.ify.fr\/sud\/wp-content\/uploads\/sites\/12\/2025\/02\/IMG-20250125-WA0010-768x402.jpg 768w, https:\/\/www.ify.fr\/sud\/wp-content\/uploads\/sites\/12\/2025\/02\/IMG-20250125-WA0010.jpg 1270w\" sizes=\"(max-width: 1024px) 100vw, 1024px\" \/><\/figure>\n\n\n\n<h2 id=\"la-journee-a-commence-avec-la-decouverte-de-notre-nouveau-journal\">La journ\u00e9e a commenc\u00e9 avec la d\u00e9couverte de notre nouveau journal!<\/h2>\n\n\n\n<p>Cette belle journ\u00e9e a d\u00e9but\u00e9 avec la venue de Sandra Ermeneux, formatrice IFY affili\u00e9e \u00e0 IFYSUD et r\u00e9dactrice en chef du journal d&rsquo;IFYSUD, qui a pr\u00e9sent\u00e9 le nouveau num\u00e9ro des <strong><em>Mots du Yoga <\/em><\/strong>(num\u00e9ro 8) intitul\u00e9 \u00ab\u00a0Le temps et l&rsquo;instant\u00a0\u00bb. Un grand merci \u00e0 Sandra et \u00e0 toute l&rsquo;\u00e9quipe de r\u00e9daction du journal pour ce num\u00e9ro passionnant! Les journaux ont ensuite \u00e9t\u00e9 distribu\u00e9s aux professeurs pr\u00e9sents pour distribution \u00e0 leurs \u00e9l\u00e8ves adh\u00e9rents. <\/p>\n\n\n\n<figure class=\"wp-block-image size-full\"><img loading=\"lazy\" width=\"525\" height=\"566\" src=\"https:\/\/www.ify.fr\/sud\/wp-content\/uploads\/sites\/12\/2025\/02\/20250125_101303_resized_20250126_074103760.jpg\" alt=\"\" class=\"wp-image-858\" srcset=\"https:\/\/www.ify.fr\/sud\/wp-content\/uploads\/sites\/12\/2025\/02\/20250125_101303_resized_20250126_074103760.jpg 525w, https:\/\/www.ify.fr\/sud\/wp-content\/uploads\/sites\/12\/2025\/02\/20250125_101303_resized_20250126_074103760-278x300.jpg 278w\" sizes=\"(max-width: 525px) 100vw, 525px\" \/><figcaption>L es Mots du Yoga, le num\u00e9ro 8! <\/figcaption><\/figure>\n\n\n\n<figure class=\"wp-block-image size-large\"><img loading=\"lazy\" width=\"844\" height=\"1024\" src=\"https:\/\/www.ify.fr\/sud\/wp-content\/uploads\/sites\/12\/2025\/02\/20250125_101221_resized_20250126_074103929-844x1024.jpg\" alt=\"\" class=\"wp-image-854\" srcset=\"https:\/\/www.ify.fr\/sud\/wp-content\/uploads\/sites\/12\/2025\/02\/20250125_101221_resized_20250126_074103929-844x1024.jpg 844w, https:\/\/www.ify.fr\/sud\/wp-content\/uploads\/sites\/12\/2025\/02\/20250125_101221_resized_20250126_074103929-247x300.jpg 247w, https:\/\/www.ify.fr\/sud\/wp-content\/uploads\/sites\/12\/2025\/02\/20250125_101221_resized_20250126_074103929-768x932.jpg 768w, https:\/\/www.ify.fr\/sud\/wp-content\/uploads\/sites\/12\/2025\/02\/20250125_101221_resized_20250126_074103929.jpg 1148w\" sizes=\"(max-width: 844px) 100vw, 844px\" \/><figcaption>Sandra et Olivier<\/figcaption><\/figure>\n\n\n\n<p><\/p>\n\n\n\n<h2 id=\"atelier-sur-les-concepts-de-vasana-et-de-samskara\">Atelier sur les concepts de v\u00e2sana et de samsk\u00e2ra<\/h2>\n\n\n\n<p>L&rsquo;atelier a d\u00e9but\u00e9 avec une longue pratique (voir la photo de la pratique redessin\u00e9e par Sophie, notre pr\u00e9sidente) durant laquelle Olivier nous a incit\u00e9s \u00e0 observer comment nous \u00e9tions touch\u00e9s par les changements observ\u00e9s dans l&rsquo;approche de certaines postures. A la fin de la s\u00e9ance, Olivier a propos\u00e9 un <em>pr\u00e2n\u00e2y\u00e2ma<\/em> et une courte m\u00e9ditation sur la question suivante: \u00ab\u00a0Quels sont les automatismes dans mon quotidien que je pourrais changer?\u00a0\u00bb Ensuite, les concepts ont \u00e9t\u00e9 abord\u00e9s sous l&rsquo;angle philosophique \u00e0 partir des <em>Yoga S\u00fbtra<\/em> de Patanjali. Olivier nous a tout d&rsquo;abord demand\u00e9 de trouver deux mots qui expriment pour nous les notions de <em>samsk\u00e2ra<\/em> et de <em>v\u00e2sana<\/em>. Un travail en groupes a ensuite \u00e9t\u00e9 propos\u00e9 pour une \u00e9tude et une pr\u00e9sentation orale des <em>s\u00fbtra <\/em>contenant ces notions. Enfin, Olivier a d\u00e9velopp\u00e9 son analyse de ces <em>s\u00fbtra<\/em> en s&rsquo;appuyant sur le point de vue du formateur Martin Neal.<\/p>\n\n\n\n<figure class=\"wp-block-image size-large\"><img loading=\"lazy\" width=\"718\" height=\"1024\" src=\"https:\/\/www.ify.fr\/sud\/wp-content\/uploads\/sites\/12\/2025\/02\/IMG_20250204_211538_resized_20250204_091752866-718x1024.jpg\" alt=\"\" class=\"wp-image-865\" srcset=\"https:\/\/www.ify.fr\/sud\/wp-content\/uploads\/sites\/12\/2025\/02\/IMG_20250204_211538_resized_20250204_091752866-718x1024.jpg 718w, https:\/\/www.ify.fr\/sud\/wp-content\/uploads\/sites\/12\/2025\/02\/IMG_20250204_211538_resized_20250204_091752866-210x300.jpg 210w, https:\/\/www.ify.fr\/sud\/wp-content\/uploads\/sites\/12\/2025\/02\/IMG_20250204_211538_resized_20250204_091752866-768x1095.jpg 768w, https:\/\/www.ify.fr\/sud\/wp-content\/uploads\/sites\/12\/2025\/02\/IMG_20250204_211538_resized_20250204_091752866-1077x1536.jpg 1077w, https:\/\/www.ify.fr\/sud\/wp-content\/uploads\/sites\/12\/2025\/02\/IMG_20250204_211538_resized_20250204_091752866-1436x2048.jpg 1436w, https:\/\/www.ify.fr\/sud\/wp-content\/uploads\/sites\/12\/2025\/02\/IMG_20250204_211538_resized_20250204_091752866-scaled.jpg 1795w\" sizes=\"(max-width: 718px) 100vw, 718px\" \/><figcaption>La pratique propos\u00e9e par Olivier Castor<\/figcaption><\/figure>\n\n\n\n<p>Nous avons ensuite discut\u00e9 et notamment \u00e9voqu\u00e9 les projets d&rsquo;IFYSUD en d\u00e9jeunant dans la joie et la bonne humeur, puis le g\u00e2teau et la galette des rois ont \u00e9t\u00e9 partag\u00e9s pour un moment gourmand! Un grand merci \u00e0 Olivier pour ses enseignements et \u00e0 tous les participants! <\/p>\n\n\n\n<p>Sophie Bottero<\/p>\n","protected":false},"excerpt":{"rendered":"<p>IFYSUD a organis\u00e9 une journ\u00e9e r\u00e9serv\u00e9e aux professeurs et aux \u00e9l\u00e8ves en formation le samedi 25 janvier 2025. De nombreux [&hellip;]<\/p>\n","protected":false},"featured_media":777,"menu_order":0,"template":"","meta":[],"actualite-categorie":[],"acf":[],"_links":{"self":[{"href":"https:\/\/www.ify.fr\/sud\/wp-json\/wp\/v2\/actualite\/850"}],"collection":[{"href":"https:\/\/www.ify.fr\/sud\/wp-json\/wp\/v2\/actualite"}],"about":[{"href":"https:\/\/www.ify.fr\/sud\/wp-json\/wp\/v2\/types\/actualite"}],"version-history":[{"count":6,"href":"https:\/\/www.ify.fr\/sud\/wp-json\/wp\/v2\/actualite\/850\/revisions"}],"predecessor-version":[{"id":866,"href":"https:\/\/www.ify.fr\/sud\/wp-json\/wp\/v2\/actualite\/850\/revisions\/866"}],"wp:featuredmedia":[{"embeddable":true,"href":"https:\/\/www.ify.fr\/sud\/wp-json\/wp\/v2\/media\/777"}],"wp:attachment":[{"href":"https:\/\/www.ify.fr\/sud\/wp-json\/wp\/v2\/media?parent=850"}],"wp:term":[{"taxonomy":"actualite-categorie","embeddable":true,"href":"https:\/\/www.ify.fr\/sud\/wp-json\/wp\/v2\/actualite-categorie?post=850"}],"curies":[{"name":"wp","href":"https:\/\/api.w.org\/{rel}","templated":true}]}}