{"id":708,"date":"2024-03-09T15:51:01","date_gmt":"2024-03-09T14:51:01","guid":{"rendered":"https:\/\/www.ify.fr\/sud\/?post_type=actualite&#038;p=708"},"modified":"2024-03-09T15:53:08","modified_gmt":"2024-03-09T14:53:08","slug":"a-gorge-deployee","status":"publish","type":"actualite","link":"https:\/\/www.ify.fr\/sud\/actualite\/a-gorge-deployee\/","title":{"rendered":"A GORGE DEPLOYEE"},"content":{"rendered":"\n<p><strong>Nous pouvons \u00eatre conscients de notre corps physique <em>K\u00e2ya,<\/em> tel que d\u00e9crit dans les pr\u00e9cis d\u2019anatomie. Ce corps, b\u00e2ti sur le squelette, les muscles, les visc\u00e8res, les organes de perception et d\u2019action, est accessible \u00e0 nos sens en tant que corps \u00ab grossier \u00bb (<em>sth\u00fbla)<\/em>. Pour le yoga, il existe un autre corps ; un corps \u00e9nerg\u00e9tique au sein duquel circulent, en se croisant, des canaux d\u2019\u00e9nergie, les <em>n\u00e2di<\/em>. L\u2019un part de la narine gauche, l\u2019autre de la narine droite et ils se rejoignent en des points de convergence nomm\u00e9s <em>cakra<\/em>. Ils sont dispos\u00e9s le long de la <em>sushumna<\/em>, l\u2019axe \u00e9nerg\u00e9tique central : pr\u00e8s du p\u00e9rin\u00e9e, entre grand et petit bassin, au niveau du nombril, au centre de la poitrine, derri\u00e8re le creux de la gorge, entre les deux yeux et au centre de la t\u00eate. Dans cet article, nous nous int\u00e9resserons plus particuli\u00e8rement au cakra de la gorge, aussi appel\u00e9 \u00ab <em>vishuddha cakra<\/em> \u00bb.<\/strong><\/p>\n\n\n\n<p><strong><mark class=\"has-inline-color has-couleur-1-color\">Qu\u2019est-ce qu\u2019un cakra ?<\/mark><\/strong><br>Dans l&rsquo;Inde ancienne, le mot d\u00e9signait un disque de m\u00e9tal \u2014 or, cuivre ou fer \u2014 symbolisant le pouvoir d&rsquo;un roi (<em>r\u00e2ja)<\/em> qualifi\u00e9 de \u00ab <em>cakravarti<\/em> \u00bb : celui qui fait tourner la roue de la destin\u00e9e (<em>dharma<\/em>) des hommes, qui tient leur vie entre ses mains<sup>1<\/sup>.<br>Le <em>cakra<\/em> est donc, en premier lieu une roue ; celle d\u2019un char. Puis par extension, le terme a qualifi\u00e9 tout objet circulaire dont le soleil, car dans l\u2019hindouisme, la roue repr\u00e9sente la structure des mondes et de l&rsquo;individu, \u00ab dont le noyau est le c\u0153ur, les rayons ses facult\u00e9s et les points de contact avec la jante les organes de perception et d&rsquo;action<sup>2<\/sup>\u00bb . L\u2019univers est un immense cakra !<br>Le cakra d\u2019<em>Ashoka<\/em> est, par ailleurs l\u2019embl\u00e8me du drapeau indien. Il fut choisi en lieu et place du rouet de Gandhi, outil symbolique de l\u2019autosuffisance.<\/p>\n\n\n\n<div class=\"wp-block-image\"><figure class=\"aligncenter size-full is-resized\"><img loading=\"lazy\" src=\"https:\/\/www.ify.fr\/sud\/wp-content\/uploads\/sites\/12\/2024\/03\/Flag_of_India.svg-drapeau-cakra.png\" alt=\"\" class=\"wp-image-709\" width=\"239\" height=\"159\" srcset=\"https:\/\/www.ify.fr\/sud\/wp-content\/uploads\/sites\/12\/2024\/03\/Flag_of_India.svg-drapeau-cakra.png 330w, https:\/\/www.ify.fr\/sud\/wp-content\/uploads\/sites\/12\/2024\/03\/Flag_of_India.svg-drapeau-cakra-300x200.png 300w\" sizes=\"(max-width: 239px) 100vw, 239px\" \/><figcaption>drapeau indien<\/figcaption><\/figure><\/div>\n\n\n\n<p>En yoga, un <em>cakra<\/em> est une zone \u00e9nerg\u00e9tique du corps subtil qui correspond \u00e0 un \u00e9tat de conscience et qui nous permet d\u2019explorer un domaine particulier de notre vie ; s\u2019y int\u00e9resser permet de rep\u00e9rer un \u00e9ventuel blocage ou des potentialit\u00e9s \u00e0 d\u00e9velopper.<br>Dans le <em>Yoga S\u00fbtra<\/em> de Patanjali, le mot <em>cakra <\/em>n\u2019est employ\u00e9 qu\u2019une fois au <em>s\u00fbtra<\/em> 29 du chapitre 3 : \u00ab<em> n\u00e2bhi<\/em>&#8211;<em>cakre<\/em>&#8211;<em>k\u00e2ya-vy\u00fbha<\/em>&#8211;<em>jn\u00e2nam<\/em> &#8211; la connaissance de l\u2019organisation du corps provient du <em>samyama<\/em> (<em>dh\u00e2ran\u00e2, dhy\u00e2na, Sam\u00e2dhi<\/em>) sur le centre \u00e9nerg\u00e9tique du nombril.<sup>3<\/sup>\u00bb . Cependant, m\u00eame sans utiliser le terme, d\u2019autres aphorismes r\u00e9f\u00e8rent aux plans physique et \u00e9nerg\u00e9tique : entre les sourcils (III.28) car <em>dhruve<\/em> signifie \u00ab \u00e9toile polaire \u00bb ; la gorge (III.30 &amp; 39) ; le thorax (III.31) ; le sommet du cr\u00e2ne (III.32) ; le c\u0153ur (III.34) ; le centre, l\u2019abdomen (III.40).<\/p>\n\n\n\n<p><strong><mark class=\"has-inline-color has-couleur-1-color\">Des corps en miroir<\/mark><\/strong><br>Dans l\u2019hindouisme, corps grossier et corps subtil sont analogues : le corps subtil est le mod\u00e8le sur lequel est calqu\u00e9 le corps grossier. Ainsi, nous retrouvons dans le corps grossier les aspects magnifi\u00e9s du corps subtil. Ce corps subtil \u00e9tant lui-m\u00eame le reflet de l\u2019univers comme en atteste ce passage de la <em>Shiva-Samhit\u00e2<\/em> :<br>\u00ab <em>Dans ce corps<\/em> <em>se trouve le Mont M\u00e9ru entour\u00e9 par 7 \u00eeles<\/em>. <em>L\u00e0 sont 7 fleuves,<\/em> <em>des mers, des montagnes,<\/em> <em>des champs et des<\/em> <em>propri\u00e9taires des champs<\/em>\/ <em>Il y a des Rishi et des Muni<\/em>, <em>toutes les \u00e9toiles<\/em> <em>et les plan\u00e8tes<\/em>, <em>les lieux sacr\u00e9s<\/em> <em>et les lieux Saints, ainsi que leurs divinit\u00e9s<\/em>\/ <em>Ici se meuvent le soleil e<\/em>t <em>la lune qui produisent<\/em> <em>cr\u00e9ation et destruction.<\/em> <em>Il y a ici l&rsquo;espace cosmique, l&rsquo;air<\/em>, <em>le feu, l&rsquo;eau et la terre\/ L&rsquo;ensemble des \u00e9l\u00e9ments qui se trouvent dans les 3 mondes sont<\/em> <em>\u00e9galement dans le corps<\/em>. <em>Entourant le Mont M\u00e9ru ils<\/em> <em>accomplissent leurs fonctions<\/em>\/<em>Celui qui conna\u00eet tout cela est s\u00fbrement un vrai Yogin<\/em>. \u00bb (2.1 \u00e0 5).<br><strong>\u2192<\/strong> Il s&rsquo;agit l\u00e0 d&rsquo;une image classique d\u00e9crivant le corps humain : le mont Meru qui est l&rsquo;axe du monde est, dans le corps humain, la colonne vert\u00e9brale. Les sages, les dieux et les d\u00e9esses ainsi que les \u00e9toiles et les plan\u00e8tes peuplent les <em>Cakra<\/em>. La lune et le soleil sont le plus souvent les <em>n\u00e2di Id\u00e2 et Pingal\u00e2<\/em>. Les \u00e9l\u00e9ments qui suivent sont dans les <em>Cakra <\/em>\u00e0 partir du centre de la gorge. Conna\u00eetre cela revient \u00e0 conna\u00eetre le microcosme, ce qui est l&rsquo;axe principal de la recherche du Yoga<sup>4<\/sup>.<\/p>\n\n\n\n<div class=\"wp-block-image\"><figure class=\"aligncenter size-full is-resized\"><img loading=\"lazy\" src=\"https:\/\/www.ify.fr\/sud\/wp-content\/uploads\/sites\/12\/2024\/03\/R-nadi-et-cakra.jpg\" alt=\"\" class=\"wp-image-711\" width=\"276\" height=\"304\" srcset=\"https:\/\/www.ify.fr\/sud\/wp-content\/uploads\/sites\/12\/2024\/03\/R-nadi-et-cakra.jpg 591w, https:\/\/www.ify.fr\/sud\/wp-content\/uploads\/sites\/12\/2024\/03\/R-nadi-et-cakra-272x300.jpg 272w\" sizes=\"(max-width: 276px) 100vw, 276px\" \/><figcaption>illustrat\u00b0&nbsp;:http:\/\/www.vedskaakademija.yolasite.com\/ajurveda-chakre.php<\/figcaption><\/figure><\/div>\n\n\n\n<p><strong><mark class=\"has-inline-color has-couleur-1-color\">Visuddha, le cakra de la gorge<\/mark><\/strong><br>Le mot \u00ab gorge \u00bb provient du latin \u00ab <em>gurges <\/em>\u00bb ,\u00ab gouffre \u00bb car, anatomiquement, la gorge est souvent associ\u00e9e \u00e0 une ouverture b\u00e9ante. Le terme sanskrit \u00ab <em>gargara<\/em> \u00bb quant \u00e0 lui, signifierait \u00ab tourbillon \u00bb et proviendrait de la racine \u00ab <em>gar<\/em> \u00bb, avaler d\u2019o\u00f9 seraient issus -via un passage par le grec ancien &#8211; les mots \u00ab gargarisme, gargariser \u00bb. <em>Visuddha <\/em>est compos\u00e9 de \u00ab <em>Vi\u015ba<\/em> \u00bb, poison, impuret\u00e9, et de \u00ab <em>\u015auddha<\/em> \u00bb, purification. Ce <em>cakra <\/em>est alors d\u00e9fini comme \u00ab centre de purification \u00bb, d\u2019expression de soi et de v\u00e9rit\u00e9.<br>Sur le plan physique, le cakra de la gorge est associ\u00e9 \u00e0 la thyro\u00efde, aux cordes vocales, \u00e0 la bouche, aux oreilles, \u00e0 la nuque, aux cervicales et au syst\u00e8me respiratoire. Il se situe entre la t\u00eate et le c\u0153ur ; entre le mental et les \u00e9motions, la pens\u00e9e et le ressenti.<\/p>\n\n\n\n<div class=\"wp-block-image\"><figure class=\"aligncenter size-full is-resized\"><img loading=\"lazy\" src=\"https:\/\/www.ify.fr\/sud\/wp-content\/uploads\/sites\/12\/2024\/03\/Image1-gorge-anat.png\" alt=\"\" class=\"wp-image-714\" width=\"124\" height=\"143\" srcset=\"https:\/\/www.ify.fr\/sud\/wp-content\/uploads\/sites\/12\/2024\/03\/Image1-gorge-anat.png 287w, https:\/\/www.ify.fr\/sud\/wp-content\/uploads\/sites\/12\/2024\/03\/Image1-gorge-anat-259x300.png 259w\" sizes=\"(max-width: 124px) 100vw, 124px\" \/><\/figure><\/div>\n\n\n\n<p><em>Vishuddha<\/em> est associ\u00e9 \u00e0 la communication comme centre des \u00e9changes et des transformations. Sa repr\u00e9sentation est celle d\u2019un cercle dans lequel s\u2019inscrit un triangle pointe en bas contenant, lui-m\u00eame un autre cercle. De couleur bleu, son lotus comprend 16 p\u00e9tales et son<em> bija<\/em> est le monosyllabe <strong>HAM<\/strong>. Il est li\u00e9 \u00e0 l\u2019Ether, <em>Ak\u00e2sa <\/em>le plus subtil des cinq \u00e9l\u00e9ments.<\/p>\n\n\n\n<div class=\"wp-block-image\"><figure class=\"aligncenter size-full is-resized\"><img loading=\"lazy\" src=\"https:\/\/www.ify.fr\/sud\/wp-content\/uploads\/sites\/12\/2024\/03\/Image1-vishudda-1.png\" alt=\"\" class=\"wp-image-718\" width=\"348\" height=\"141\" srcset=\"https:\/\/www.ify.fr\/sud\/wp-content\/uploads\/sites\/12\/2024\/03\/Image1-vishudda-1.png 562w, https:\/\/www.ify.fr\/sud\/wp-content\/uploads\/sites\/12\/2024\/03\/Image1-vishudda-1-300x122.png 300w\" sizes=\"(max-width: 348px) 100vw, 348px\" \/><\/figure><\/div>\n\n\n\n<p>On retrouve en <em>Vi\u015buddha Cakra<\/em> des qualit\u00e9s d\u2019<em>Ud\u00e2na Vayu<\/em> (YSIII.39), le souffle vital ascendant qui irrigue la partie sup\u00e9rieure du corps, li\u00e9 lui aussi \u00e0 la r\u00e9gion de la gorge. <em>Ud\u00e2na Vayu <\/em>est associ\u00e9 \u00e0 la croissance, la force de verticalit\u00e9, l\u2019expression, la parole (<em>Vac)<\/em>, l\u2019effort, la volont\u00e9, l\u2019enthousiasme, l\u2019expiration, l\u2019\u00e9quilibre.<br>Patanjali r\u00e9v\u00e8le qu\u2019en faisant <em>samyama<\/em> sur le fond de la gorge, le yogi parvient \u00e0 ma\u00eetriser la faim et la soif (YSIII.30) et ce, au sens propre comme au sens figur\u00e9. Cette zone est aussi celle o\u00f9 se place l\u2019<em>ujj\u00e2yi<\/em> <sup>5<\/sup>; \u00ab le centre de contr\u00f4le de l\u2019\u00e9coulement de l\u2019<em>amrta <\/em>(nectar d\u2019immortalit\u00e9), de modulation des sons et plus particuli\u00e8rement des mantra<sup>6<\/sup> \u00bb . Ce cakra invite donc \u00e0 la mod\u00e9ration, \u00e0 la juste parole, la juste \u00e9coute, la pens\u00e9e claire.<\/p>\n\n\n\n<p><strong><mark class=\"has-inline-color has-couleur-1-color\">Cakra et Klesha<\/mark><\/strong><br>Si nous voulons que nos <em>cakra <\/em>tournent rond, nous devons prendre conscience de l\u2019impact des<em> klesa <\/em>sur ces centres \u00e9nerg\u00e9tiques.<br>Ainsi l\u2019angoisse, <em>Abhinivesa<\/em> est li\u00e9e \u00e0 l\u2019espace par le centre de la gorge. N\u2019avons-nous pas la gorge serr\u00e9e quand une chose nous inqui\u00e8te ? La gorge s\u00e8che au moment de prendre la parole en public ? N\u2019avons-nous jamais ressenti une grande g\u00eane, une \u00e9motion forte au point d\u2019avoir un chat dans la gorge ?<br>Ces expressions imag\u00e9es illustrent bien l\u2019inqui\u00e9tude \u00ab d\u2019avoir \u00e0 sortir de son cocon protecteur pour confronter un ext\u00e9rieur inconnu<sup>7<\/sup> \u00bb . C\u2019est pour cette raison qu\u2019<em>Abhinivesa<\/em> est consid\u00e9r\u00e9 comme le plus profond de tous les <em>Klesa<\/em>, car la peur, l\u2019anxi\u00e9t\u00e9 peuvent alt\u00e9rer notre perception de la r\u00e9alit\u00e9 et notre bien-\u00eatre global.<\/p>\n\n\n\n<p>Pour r\u00e9tablir l&rsquo;\u00e9quilibre du cakra de la gorge et dissiper <em>abhinivesa<\/em>, certaines pratiques peuvent \u00eatre utiles, telles que la m\u00e9ditation, la pratique du <em>pr\u00e2n\u00e2y\u00e2ma ujjayi,<\/em> de <em>jalandhara bandha.<\/em> Le chant et le mantra sont \u00e9galement des pratiques puissantes pour \u00e9quilibrer le <em>cakra<\/em> de la gorge. En r\u00e9citant des <em>mantra<\/em> comme \u00ab\u00a0<strong>Ham<\/strong>\u00a0\u00bb ou \u00ab\u00a0<strong>Hamsa<\/strong>\u00ab\u00a0, on stimule l&rsquo;\u00e9nergie de ce <em>cakra<\/em> et on favorise la communication fluide.<br>       Des postures sp\u00e9cifiques activent ce centre \u00e9nerg\u00e9tique :<\/p>\n\n\n\n<ul><li>SIMH\u00c2SANA, LE LION<\/li><li>USTR\u00c2SANA, LE CHAMEAU<\/li><li>SARVANG\u00c2SANA, LA CHANDELLE ou VIPARITA KARANI MUDR\u00c2<\/li><li>MATSY\u00c2SANA , LE POISSON<\/li><li>SARVANG\u00c2SANA, LA CHANDELLE<\/li><\/ul>\n\n\n\n<p>Et de mani\u00e8re g\u00e9n\u00e9rale, toutes les postures d\u2019ouverture du thorax et de la gorge.<\/p>\n\n\n\n<p>Rappelons enfin, que les <em>cakra<\/em> sont li\u00e9s les uns aux autres. Si nous souhaitons harmoniser, apaiser <em>visuddha<\/em>, nous pouvons exprimer ce que nous avons sur le c\u0153ur (<em>anahat)<\/em> avec r\u00e9solution, confiance (<em>manipura<\/em>) tout en \u00e9tant \u00e0 l\u2019\u00e9coute de nos ressentis, nos \u00e9motions (<em>svadhistan<\/em>), dans l\u2019\u00e9quilibre et l\u2019ancrage (<em>muladhara<\/em><strong>)<\/strong>.<\/p>\n\n\n\n<p><strong>C\u2019est par la gorge que passent l\u2019air inspir\u00e9<\/strong> <strong>puis expir\u00e9, la nourriture, la voix, l\u2019esprit dans son ensemble.<\/strong> <strong>En travaillant \u00e0 \u00e9quilibrer le cakra de la gorge<\/strong>, <strong>nous pourrons ressentir<\/strong> <strong>une plus grande capacit\u00e9 \u00e0 communiquer clairement<\/strong>, <strong>\u00e0 exprimer<\/strong> <strong>nos sentiments, nos id\u00e9es<\/strong> <strong>de fa\u00e7on authentique et constructive. Ce cakra est essentiel pour trouver notre voix int\u00e9rieure, pour nous connecter \u00e0 notre propre pouvoir de communication en ayant la capacit\u00e9<\/strong> <strong>d\u2019\u00e9couter les autres.<\/strong> <strong>Nous serons aptes \u00e0 nous d\u00e9passer<\/strong>, <strong>\u00e0 atteindre nos objectifs, \u00e0 ne plus \u00eatre<\/strong> <strong>dans le conditionnement, \u00e0 pouvoir faire face aux changements <sup>8<\/sup>.<\/strong><br><strong>Le professeur de yoga quant \u00e0 lui, pourra guider ses \u00e9l\u00e8ves dans la s\u00e9r\u00e9nit\u00e9, la confiance<\/strong>; <strong>le verbe rare<\/strong> <strong>et le mot juste <\/strong>: \u00ab <strong>Ce qui se con\u00e7oit bien s\u2019\u00e9nonce<\/strong> <strong>clairement,<\/strong> <strong>et les mots<\/strong> <strong>pour le dire<\/strong> <strong>arrivent ais\u00e9ment<sup>9<\/sup><\/strong>.\u00bb<\/p>\n\n\n\n<p>H\u00e9l\u00e8ne P.<\/p>\n\n\n\n<p> [1] <a href=\"https:\/\/fr.wikipedia.org\/wiki\/Chakra\">Chakra \u2014 Wikip\u00e9dia (wikipedia.org)<\/a> &#8211; [2] D\u2019apr\u00e8s B.Baudouin , <em>l\u2019hindouisme<\/em> (presses du ch\u00e2telet, 2019 &#8211; [3] B.Bouanchaud, <em>YS de Patanjali<\/em> -[ 4] Trad.site nata-yoga.com &#8211; [5] Cf article sur notre site IFYSUD: <em>Le souffle victorieux<\/em> &#8211; [6] F.Moors, <em>YS Patanjali (p.127)<\/em> &#8211; [7] M.Alibert, <em>yoga et sant\u00e9 \u00e9nerg\u00e9tique<\/em> &#8211; [8] Cf articles sur notre site IFYSUD (th\u00e9matiques des <em>samsk\u00e2ra, <\/em>les conditionnements et de <em>parin\u00e2ma<\/em>, le changement):<em> Les samsk\u00e2ra ou la m\u00e9taphore de l&rsquo;iceberg <\/em>et <em>Rien n&rsquo;est permanent sauf le changement<\/em>  -[9] N.Boileau, homme de lettres , XVII\u00e8me si\u00e8cle<\/p>\n","protected":false},"excerpt":{"rendered":"<p>Nous pouvons \u00eatre conscients de notre corps physique K\u00e2ya, tel que d\u00e9crit dans les pr\u00e9cis d\u2019anatomie. Ce corps, b\u00e2ti sur [&hellip;]<\/p>\n","protected":false},"featured_media":721,"menu_order":0,"template":"","meta":[],"actualite-categorie":[8],"acf":[],"_links":{"self":[{"href":"https:\/\/www.ify.fr\/sud\/wp-json\/wp\/v2\/actualite\/708"}],"collection":[{"href":"https:\/\/www.ify.fr\/sud\/wp-json\/wp\/v2\/actualite"}],"about":[{"href":"https:\/\/www.ify.fr\/sud\/wp-json\/wp\/v2\/types\/actualite"}],"version-history":[{"count":6,"href":"https:\/\/www.ify.fr\/sud\/wp-json\/wp\/v2\/actualite\/708\/revisions"}],"predecessor-version":[{"id":732,"href":"https:\/\/www.ify.fr\/sud\/wp-json\/wp\/v2\/actualite\/708\/revisions\/732"}],"wp:featuredmedia":[{"embeddable":true,"href":"https:\/\/www.ify.fr\/sud\/wp-json\/wp\/v2\/media\/721"}],"wp:attachment":[{"href":"https:\/\/www.ify.fr\/sud\/wp-json\/wp\/v2\/media?parent=708"}],"wp:term":[{"taxonomy":"actualite-categorie","embeddable":true,"href":"https:\/\/www.ify.fr\/sud\/wp-json\/wp\/v2\/actualite-categorie?post=708"}],"curies":[{"name":"wp","href":"https:\/\/api.w.org\/{rel}","templated":true}]}}