{"id":607,"date":"2023-10-07T16:10:02","date_gmt":"2023-10-07T14:10:02","guid":{"rendered":"https:\/\/www.ify.fr\/sud\/?post_type=actualite&#038;p=607"},"modified":"2023-10-07T16:10:02","modified_gmt":"2023-10-07T14:10:02","slug":"de-vivants-piliers","status":"publish","type":"actualite","link":"https:\/\/www.ify.fr\/sud\/actualite\/de-vivants-piliers\/","title":{"rendered":"De vivants piliers"},"content":{"rendered":"\n<p>L&rsquo;arbre se dresse fi\u00e8rement, majestueux<br>Vieux sage impassible ; druide silencieux<br>Ses racines plongent profond\u00e9ment en terre<br>Dans un ancrage solide, une force premi\u00e8re.<\/p>\n\n\n\n<p>Son tronc s&rsquo;\u00e9tire vers le ciel, haut et droit<br>Symbole d&rsquo;\u00e9quilibre, de stabilit\u00e9 sans \u00e9moi<br>Comme un pilier amarr\u00e9 \u00e0 l&rsquo;infini des cieux<br>L&rsquo;arbre inspire calme, s\u00e9r\u00e9nit\u00e9 \u00e0 nos yeux.<\/p>\n\n\n\n<p>Ses branches s&rsquo;\u00e9tendent, gracieuses et nobles<br>Bras ouverts accueillant l&rsquo;horizon qui d\u00e9robe<br>Elles dansent avec z\u00e9phir, en harmonie parfaite<br>Ou, immobiles, cr\u00e9ent des ombres; ch\u00e8res po\u00e8tes.<\/p>\n\n\n\n<p>Quand vient le souffle du vent, l&rsquo;arbre plie<br>Se tord parfois, mais jamais il ne fuit<br>Comme un \u00eatre r\u00e9silient traversant les temp\u00eates<br>Il rappelle l&rsquo;importance de rester dans la qu\u00eate<\/p>\n\n\n\n<p>Soyons ifs c\u00e9lestes \u00e9lanc\u00e9s vers les cieux<br>Un pied pour seule racine, en un juste milieu<br>La plante du pied pos\u00e9e contre la cuisse<br>L\u2019autre jambe telle la grand-voile se hisse.<\/p>\n\n\n\n<p>Permettant au bassin une belle ouverture<br>Nous voici face au vent grandis par la posture<br>Les mains jointes dress\u00e9es en v\u00e9ritable mat<br>Le mental se tait, nous permet d\u2019\u00eatre l\u00e0.<\/p>\n\n\n\n<p>Tel le g\u00e9ant au tronc rugueux ou le g\u00e9n\u00e9reux h\u00eatre<br>Laissons s\u2019ouvrir en nous une large fen\u00eatre<br>Par laquelle se glissent le souffle puis le calme<br>Traversant notre corps, y formant une trame.<\/p>\n\n\n\n<p>A nos sens d\u00e9ploy\u00e9s sera alors r\u00e9v\u00e9l\u00e9<br>Le lien puissant de la terre-univers m\u00eal\u00e9s<br>Et nous, arbres humains, nous nous \u00e9l\u00e8verons,<br>Vers l&rsquo;infini des possibles,  vers notre horizon.<\/p>\n\n\n\n<p>Prenons exemple sur l&rsquo;arbre qui se dresse<br>Puisons en nous sa force, sa sage noblesse<br>Dans la posture de l&rsquo;arbre, d\u00e9couvrons l\u2019amplitude<br>Et laissons-nous guider par la paix, la qui\u00e9tude.<\/p>\n\n\n\n<p>H\u00e9l\u00e8ne P.<\/p>\n\n\n\n<ol><li>titre issu du po\u00e8me \u00ab\u00a0<em>Correspondances<\/em>\u00ab\u00a0,Ch. Baudelaire (Les Fleurs du mal, 1857)<\/li><\/ol>\n\n\n\n<p><\/p>\n","protected":false},"excerpt":{"rendered":"<p>L&rsquo;arbre se dresse fi\u00e8rement, majestueuxVieux sage impassible ; druide silencieuxSes racines plongent profond\u00e9ment en terreDans un ancrage solide, une force [&hellip;]<\/p>\n","protected":false},"featured_media":613,"menu_order":0,"template":"","meta":[],"actualite-categorie":[8],"acf":[],"_links":{"self":[{"href":"https:\/\/www.ify.fr\/sud\/wp-json\/wp\/v2\/actualite\/607"}],"collection":[{"href":"https:\/\/www.ify.fr\/sud\/wp-json\/wp\/v2\/actualite"}],"about":[{"href":"https:\/\/www.ify.fr\/sud\/wp-json\/wp\/v2\/types\/actualite"}],"version-history":[{"count":5,"href":"https:\/\/www.ify.fr\/sud\/wp-json\/wp\/v2\/actualite\/607\/revisions"}],"predecessor-version":[{"id":633,"href":"https:\/\/www.ify.fr\/sud\/wp-json\/wp\/v2\/actualite\/607\/revisions\/633"}],"wp:featuredmedia":[{"embeddable":true,"href":"https:\/\/www.ify.fr\/sud\/wp-json\/wp\/v2\/media\/613"}],"wp:attachment":[{"href":"https:\/\/www.ify.fr\/sud\/wp-json\/wp\/v2\/media?parent=607"}],"wp:term":[{"taxonomy":"actualite-categorie","embeddable":true,"href":"https:\/\/www.ify.fr\/sud\/wp-json\/wp\/v2\/actualite-categorie?post=607"}],"curies":[{"name":"wp","href":"https:\/\/api.w.org\/{rel}","templated":true}]}}