{"id":245,"date":"2026-04-10T11:39:18","date_gmt":"2026-04-10T09:39:18","guid":{"rendered":"https:\/\/www.ify.fr\/rhone-provence\/?post_type=actualite&#038;p=245"},"modified":"2026-04-10T13:56:25","modified_gmt":"2026-04-10T11:56:25","slug":"yoga-adaptation-yoga-sur-chaise-apport-sonore-dans-la-pratiquevoix-bols-chantants","status":"publish","type":"actualite","link":"https:\/\/www.ify.fr\/rhone-provence\/actualite\/yoga-adaptation-yoga-sur-chaise-apport-sonore-dans-la-pratiquevoix-bols-chantants\/","title":{"rendered":"Stage avec Annick LIEGL sur le th\u00e8me :                                           Yoga Adaptation-Yoga sur chaise &#8211; Apport sonore dans la pratique(voix, bols chantants)."},"content":{"rendered":"\n<p>  <\/p>\n\n\n\n<p><strong>samedi 25 avril 2026 de 9H30 \u00e0 16H30, salle \u00c9dith Piaf route d&rsquo;Orsan \u00e0 Laudun , premier module<\/strong>.<\/p>\n\n\n\n<p>Ce stage est ouvert \u2014<br>* aux professeurs de Yoga , \u00e9l\u00e8ves en formation qui pourront ainsi acqu\u00e9rir des outils, des concepts \u00e0 appliquer dans leur enseignement,(vous pouvez informer vos \u00e9l\u00e8ves qui pourraient \u00eatre int\u00e9ress\u00e9s).<br>* aux pratiquants-es de yoga qui pourront apprendre des possibilit\u00e9s qui pourront r\u00e9pondre \u00e0 leurs besoins.<\/p>\n\n\n\n<p><strong>tarifs:<\/strong> professeurs-\u00e9l\u00e8ves en formation. 60\u20ac la journ\u00e9e,<\/p>\n\n\n\n<p>\u00c9l\u00e8ves pratiquants-es. 50\u20ac la journ\u00e9e<\/p>\n\n\n\n<p>Pr\u00e9voir son tapis, coussin, plaid, son repas, ses couverts et gobelets.<\/p>\n\n\n\n<p>Groupe limit\u00e9 \u00e0 14\/16 personnes, le r\u00e8glement se fera sur place.<br>Merci de vous inscrire d\u00e8s que possible aupr\u00e8s d&rsquo;Annick LIEGL au  06\/18\/75\/56\/85<\/p>\n","protected":false},"excerpt":{"rendered":"<p>samedi 25 avril 2026 de 9H30 \u00e0 16H30, salle \u00c9dith Piaf route d&rsquo;Orsan \u00e0 Laudun , premier module. Ce stage [&hellip;]<\/p>\n","protected":false},"featured_media":248,"menu_order":0,"template":"","meta":[],"actualite-categorie":[],"acf":[],"_links":{"self":[{"href":"https:\/\/www.ify.fr\/rhone-provence\/wp-json\/wp\/v2\/actualite\/245"}],"collection":[{"href":"https:\/\/www.ify.fr\/rhone-provence\/wp-json\/wp\/v2\/actualite"}],"about":[{"href":"https:\/\/www.ify.fr\/rhone-provence\/wp-json\/wp\/v2\/types\/actualite"}],"version-history":[{"count":5,"href":"https:\/\/www.ify.fr\/rhone-provence\/wp-json\/wp\/v2\/actualite\/245\/revisions"}],"predecessor-version":[{"id":257,"href":"https:\/\/www.ify.fr\/rhone-provence\/wp-json\/wp\/v2\/actualite\/245\/revisions\/257"}],"wp:featuredmedia":[{"embeddable":true,"href":"https:\/\/www.ify.fr\/rhone-provence\/wp-json\/wp\/v2\/media\/248"}],"wp:attachment":[{"href":"https:\/\/www.ify.fr\/rhone-provence\/wp-json\/wp\/v2\/media?parent=245"}],"wp:term":[{"taxonomy":"actualite-categorie","embeddable":true,"href":"https:\/\/www.ify.fr\/rhone-provence\/wp-json\/wp\/v2\/actualite-categorie?post=245"}],"curies":[{"name":"wp","href":"https:\/\/api.w.org\/{rel}","templated":true}]}}