{"id":241,"date":"2026-04-10T11:31:16","date_gmt":"2026-04-10T09:31:16","guid":{"rendered":"https:\/\/www.ify.fr\/rhone-provence\/?post_type=actualite&#038;p=241"},"modified":"2026-04-13T11:46:40","modified_gmt":"2026-04-13T09:46:40","slug":"journee-sur-le-theme-respiration-et-yoga-par-pierre-allais","status":"publish","type":"actualite","link":"https:\/\/www.ify.fr\/rhone-provence\/actualite\/journee-sur-le-theme-respiration-et-yoga-par-pierre-allais\/","title":{"rendered":"Journ\u00e9e sur le th\u00e8me \u00a0\u00bb Respiration et Yoga\u00a0\u00bb par Pierre ALAIS"},"content":{"rendered":"\n<p><br>El\u00e8ve de l&rsquo;Ashram Shivananda, El\u00e8ve de TKV Desikachar, Professeur IFY, Vice Pr\u00e9sident IFY<br>Auteur de plusieurs livres : dont Le Souffle de Dieu et une interpr\u00e9tation des Yoga-S\u00fbtra de Patanjali<\/p>\n\n\n\n<p>Samedi 6 juin 2026 de 10h \u00e0 16h accueil \u00e0 partir de 9H30<\/p>\n\n\n\n<p><strong>LIEU : SALLE DES F\u00caTES<br>22, chemin des Flourines\u2013 30330 SAINT PONS LA CALM<\/strong><br><\/p>\n\n\n\n<p>Inscription au  SECR\u00c9TARIAT IFY-RP : 06.83.42.31.09 au plus tard le 15 mai 2026<br>Cout enseignement 30 euros pour les adh\u00e9rents,   pour les non-adh\u00e9rents: pr\u00e9voir 20 euros d&rsquo;adh\u00e9sion <\/p>\n\n\n\n<p>Amener vos tapis, coussin.<\/p>\n\n\n\n<p>Repas tir\u00e9 du panier, pensez \u00e0 apporter vos couverts et gobelets.<\/p>\n","protected":false},"excerpt":{"rendered":"<p>El\u00e8ve de l&rsquo;Ashram Shivananda, El\u00e8ve de TKV Desikachar, Professeur IFY, Vice Pr\u00e9sident IFYAuteur de plusieurs livres : dont Le Souffle [&hellip;]<\/p>\n","protected":false},"featured_media":243,"menu_order":0,"template":"","meta":[],"actualite-categorie":[],"acf":[],"_links":{"self":[{"href":"https:\/\/www.ify.fr\/rhone-provence\/wp-json\/wp\/v2\/actualite\/241"}],"collection":[{"href":"https:\/\/www.ify.fr\/rhone-provence\/wp-json\/wp\/v2\/actualite"}],"about":[{"href":"https:\/\/www.ify.fr\/rhone-provence\/wp-json\/wp\/v2\/types\/actualite"}],"version-history":[{"count":2,"href":"https:\/\/www.ify.fr\/rhone-provence\/wp-json\/wp\/v2\/actualite\/241\/revisions"}],"predecessor-version":[{"id":258,"href":"https:\/\/www.ify.fr\/rhone-provence\/wp-json\/wp\/v2\/actualite\/241\/revisions\/258"}],"wp:featuredmedia":[{"embeddable":true,"href":"https:\/\/www.ify.fr\/rhone-provence\/wp-json\/wp\/v2\/media\/243"}],"wp:attachment":[{"href":"https:\/\/www.ify.fr\/rhone-provence\/wp-json\/wp\/v2\/media?parent=241"}],"wp:term":[{"taxonomy":"actualite-categorie","embeddable":true,"href":"https:\/\/www.ify.fr\/rhone-provence\/wp-json\/wp\/v2\/actualite-categorie?post=241"}],"curies":[{"name":"wp","href":"https:\/\/api.w.org\/{rel}","templated":true}]}}