{"id":550,"date":"2025-03-25T12:49:00","date_gmt":"2025-03-25T11:49:00","guid":{"rendered":"https:\/\/www.ify.fr\/region-centre\/?post_type=actualite&#038;p=550"},"modified":"2025-05-14T15:41:56","modified_gmt":"2025-05-14T13:41:56","slug":"on-en-parle-dans-la-presse","status":"publish","type":"actualite","link":"https:\/\/www.ify.fr\/region-centre\/actualite\/on-en-parle-dans-la-presse\/","title":{"rendered":"On en parle dans la presse"},"content":{"rendered":"\n<div class=\"wp-block-columns\">\n<div class=\"wp-block-column\" style=\"flex-basis:33.33%\">\n<p>Suite \u00e0 l&rsquo;atelier <strong>Mobilit\u00e9 retrouv\u00e9e de la zone scapulaire et du trap\u00e8ze<\/strong>.  <\/p>\n<\/div>\n\n\n\n<div class=\"wp-block-column\" style=\"flex-basis:66.66%\">\n<figure class=\"wp-block-image size-large is-style-default\"><img loading=\"lazy\" width=\"429\" height=\"1024\" src=\"https:\/\/www.ify.fr\/region-centre\/wp-content\/uploads\/sites\/10\/2025\/03\/article-republique-du-centre-atelier-yoga-et-ceinture-scapulaire-429x1024.png\" alt=\"\" class=\"wp-image-551\" srcset=\"https:\/\/www.ify.fr\/region-centre\/wp-content\/uploads\/sites\/10\/2025\/03\/article-republique-du-centre-atelier-yoga-et-ceinture-scapulaire-429x1024.png 429w, https:\/\/www.ify.fr\/region-centre\/wp-content\/uploads\/sites\/10\/2025\/03\/article-republique-du-centre-atelier-yoga-et-ceinture-scapulaire-126x300.png 126w, https:\/\/www.ify.fr\/region-centre\/wp-content\/uploads\/sites\/10\/2025\/03\/article-republique-du-centre-atelier-yoga-et-ceinture-scapulaire-768x1834.png 768w, https:\/\/www.ify.fr\/region-centre\/wp-content\/uploads\/sites\/10\/2025\/03\/article-republique-du-centre-atelier-yoga-et-ceinture-scapulaire-643x1536.png 643w, https:\/\/www.ify.fr\/region-centre\/wp-content\/uploads\/sites\/10\/2025\/03\/article-republique-du-centre-atelier-yoga-et-ceinture-scapulaire-858x2048.png 858w, https:\/\/www.ify.fr\/region-centre\/wp-content\/uploads\/sites\/10\/2025\/03\/article-republique-du-centre-atelier-yoga-et-ceinture-scapulaire.png 957w\" sizes=\"(max-width: 429px) 100vw, 429px\" \/><\/figure>\n<\/div>\n<\/div>\n","protected":false},"excerpt":{"rendered":"<p>Suite \u00e0 l&rsquo;atelier Mobilit\u00e9 retrouv\u00e9e de la zone scapulaire et du trap\u00e8ze.<\/p>\n","protected":false},"featured_media":590,"menu_order":0,"template":"","meta":[],"actualite-categorie":[12],"acf":[],"_links":{"self":[{"href":"https:\/\/www.ify.fr\/region-centre\/wp-json\/wp\/v2\/actualite\/550"}],"collection":[{"href":"https:\/\/www.ify.fr\/region-centre\/wp-json\/wp\/v2\/actualite"}],"about":[{"href":"https:\/\/www.ify.fr\/region-centre\/wp-json\/wp\/v2\/types\/actualite"}],"version-history":[{"count":2,"href":"https:\/\/www.ify.fr\/region-centre\/wp-json\/wp\/v2\/actualite\/550\/revisions"}],"predecessor-version":[{"id":553,"href":"https:\/\/www.ify.fr\/region-centre\/wp-json\/wp\/v2\/actualite\/550\/revisions\/553"}],"wp:featuredmedia":[{"embeddable":true,"href":"https:\/\/www.ify.fr\/region-centre\/wp-json\/wp\/v2\/media\/590"}],"wp:attachment":[{"href":"https:\/\/www.ify.fr\/region-centre\/wp-json\/wp\/v2\/media?parent=550"}],"wp:term":[{"taxonomy":"actualite-categorie","embeddable":true,"href":"https:\/\/www.ify.fr\/region-centre\/wp-json\/wp\/v2\/actualite-categorie?post=550"}],"curies":[{"name":"wp","href":"https:\/\/api.w.org\/{rel}","templated":true}]}}