{"id":2102,"date":"2026-04-14T20:15:12","date_gmt":"2026-04-14T18:15:12","guid":{"rendered":"https:\/\/www.ify.fr\/poitou-charentes\/?post_type=actualite&#038;p=2102"},"modified":"2026-04-14T20:15:12","modified_gmt":"2026-04-14T18:15:12","slug":"le-kasala-est-une-eloge-poetique-dorigine-africaine","status":"publish","type":"actualite","link":"https:\/\/www.ify.fr\/poitou-charentes\/actualite\/le-kasala-est-une-eloge-poetique-dorigine-africaine\/","title":{"rendered":"Le Kas\u00e0l\u00e0, est une \u00e9loge po\u00e9tique d\u2019origine africaine"},"content":{"rendered":"\n<p class=\"has-text-align-center\">Respire\u2026 Pr\u0101\u1e47a\u2026 Respire\u2026<br>Souffle premier, discret,<br>Respiration originelle,<br>Je respire \u2026.<br>Fonction automatique,<br>Consciente, Volontaire<br>Je me relie, je vis.<br>Ventilation silencieuse,<br>Compagne fid\u00e8le et inconsciente,<br>Tu tisses la vie \u00e0 chaque instant,<br>Portant l\u2019oxyg\u00e8ne \u00e0 chaque cellule,<br>\u00c9vacuant le dioxyde de carbone,<br>Sans bruit, sans attente.<br>Je te rends gr\u00e2ce.<br>Guid\u00e9e par des mots vivants,<br>Par des gestes o\u00f9 le souffle devient langage,<br>J\u2019entre dans l\u2019\u00e9coute :<br>Inspir\u2026 Expir\u2026<br>Amplitude qui s\u2019ouvre,<br>Volume qui se d\u00e9ploie,<br>Vitesse qui ralentit,<br>Kumbhaka \u2026 Krama\u2026<br>Espace suspendu entre deux mondes.<br>Alors je respire encore.<br>Plus lentement\u2026<br>Plus profond\u00e9ment\u2026<br>Dans ce silence vibrant,<br>Le syst\u00e8me nerveux v\u00e9g\u00e9tatif murmure :<br>Le sympathique m\u2019\u00e9lance,<br>Le parasympathique m\u2019apaise,<br>Et l\u2019\u00e9quilibre se tisse,<br>Subtil, vivant.<\/p>\n\n\n\n<p class=\"has-text-align-center\">Souffler\u2026Laisser partir\u2026. Accueillir\u2026<br>\u00d4 Pr\u0101\u1e47a, \u00e9nergie lumineuse,<br>Souffle du vivant,<br>Tu circules librement en moi,<br>Nourrissant chaque cellule,<br>R\u00e9gulant l\u2019invisible,<br>Chef d\u2019orchestre de la respiration.<\/p>\n\n\n\n<p class=\"has-text-align-center\">Dans les chemins int\u00e9rieurs,<br>L\u2019air entre, se transforme,<\/p>\n\n\n\n<p class=\"has-text-align-center\">La ventilation devient pr\u00e9sence,<br>Le souffle devient conscience.<br>Inspir\u2026 expansion.<br>Expir\u2026 rel\u00e2chement.<br>Krama\u2026 progression douce,<br>Onde apr\u00e8s onde,<br>Pas \u00e0 pas vers soi.<br>Le diaphragme s\u2019abaisse,<br>Pont entre ciel et terre,<br>Dedans, dehors,<br>Le corps respire,<br>Le souffle m\u2019habite.<br>La respiration devient art,<br>Pr\u0101n\u0101y\u0101ma,<br>Discipline du subtil,<br>Ma\u00eetrise douce du vivant :<br>Consciente sans contraindre,<br>Volontaire sans forcer.<br>J\u2019observe\u2026 J\u2019accueille\u2026 Je ressens.<\/p>\n\n\n\n<p class=\"has-text-align-center\">Fonction automatique devenue chemin,<br>Inconsciente devenue consciente,<br>Le souffle m\u2019enseigne,<br>\u00c0 \u00eatre ici.<br>Chaque inspir m\u2019ouvre,<br>Chaque expir me lib\u00e8re,<br>Chaque pause me r\u00e9v\u00e8le.<br>Dans l\u2019espace int\u00e9rieur,<br>La vie circule pleinement,<br>Offrant \u00e0 chaque cellule,<br>La simple joie d\u2019exister.<br>Alors je souffle\u2026 Je respire\u2026 Je vis.<br>Posture apr\u00e8s posture,<br>Souffle apr\u00e8s souffle,<br>J\u2019habite ce corps,<br>Lieu d\u2019\u00e9quilibre et de transformation.<\/p>\n\n\n\n<p class=\"has-text-align-center\">Dans le silence,<br>Les \u00e9motions \u00e9mergent,<br>Port\u00e9es par la respiration,<\/p>\n\n\n\n<p class=\"has-text-align-center\">Accueillies sans lutte.<br>Je m\u2019ancre,<br>Je m\u2019\u00e9l\u00e8ve,<br>Entre inspir et expir,<br>Entre mouvement et immobilit\u00e9.<br>Et dans ce flux continu,<br>Je d\u00e9couvre<br>Que respirer,<br>C\u2019est d\u00e9j\u00e0 \u00eatre en chemin.<br>Respire\u2026 Pr\u0101\u1e47a\u2026 Respire\u2026<\/p>\n\n\n\n<p class=\"has-text-align-center\">Oh Respiration, indispensable \u00e0 la vie de nos cellules,<br>R\u00e9ponse aux besoins de tout notre organisme,<br>Refl\u00e8te de nos \u00e9motions, de notre \u00e9tat mental.<br>Fonction \u00e0 la fois automatique et volontaire,<br>Ouvrant la voie vers notre \u00e9quilibre int\u00e9rieur,<br>\u00e0 manier avec soin, humilit\u00e9 et gratitude.<\/p>\n\n\n\n<p class=\"has-text-align-center\">Du fond du c\u0153ur,<br>Je rends gr\u00e2ce.<br>\u00c0 Pascale JAILLARD,<\/p>\n\n\n\n<p class=\"has-text-align-center\">Formatrice \u00e0 la transmission fluide et apaisante,<br>Aux mots cont\u00e9s \u00e9clairant et reliant la mise en pratique.<\/p>\n\n\n\n<p class=\"has-text-align-center\">\u00c0 Eddy GABORAUD,<br>Mon professeur de yoga,<br>Qui me guide avec justesse,<br>sur la voie du souffle.<br>\u00c0 celles et ceux qui organisent ces stages,<br>Claudine, Armelle, Sylvie, Eddy, Christian\u2026<br>Espaces pr\u00e9cieux et vivants,<br>Et \u00e0 tous les professeurs et \u00e9l\u00e8ves,<br>Qui, ensemble,<\/p>\n\n\n\n<p class=\"has-text-align-center\">Se retrouvent dans le souffle partag\u00e9.<br>Je suis Florence ILBOUDO,<br>Apprentie, \u00e0 la recherche de l\u2019\u00e9quilibre<br>De la force vitale<br>A travers la pratique du Yoga<\/p>\n\n\n\n<p>Florence, \u00e9l\u00e8ve en Charente<\/p>\n","protected":false},"excerpt":{"rendered":"<p>Respire\u2026 Pr\u0101\u1e47a\u2026 Respire\u2026Souffle premier, discret,Respiration originelle,Je respire \u2026.Fonction automatique,Consciente, VolontaireJe me relie, je vis.Ventilation silencieuse,Compagne fid\u00e8le et inconsciente,Tu tisses la [&hellip;]<\/p>\n","protected":false},"featured_media":2104,"menu_order":0,"template":"","meta":[],"actualite-categorie":[16],"acf":[],"_links":{"self":[{"href":"https:\/\/www.ify.fr\/poitou-charentes\/wp-json\/wp\/v2\/actualite\/2102"}],"collection":[{"href":"https:\/\/www.ify.fr\/poitou-charentes\/wp-json\/wp\/v2\/actualite"}],"about":[{"href":"https:\/\/www.ify.fr\/poitou-charentes\/wp-json\/wp\/v2\/types\/actualite"}],"version-history":[{"count":1,"href":"https:\/\/www.ify.fr\/poitou-charentes\/wp-json\/wp\/v2\/actualite\/2102\/revisions"}],"predecessor-version":[{"id":2105,"href":"https:\/\/www.ify.fr\/poitou-charentes\/wp-json\/wp\/v2\/actualite\/2102\/revisions\/2105"}],"wp:featuredmedia":[{"embeddable":true,"href":"https:\/\/www.ify.fr\/poitou-charentes\/wp-json\/wp\/v2\/media\/2104"}],"wp:attachment":[{"href":"https:\/\/www.ify.fr\/poitou-charentes\/wp-json\/wp\/v2\/media?parent=2102"}],"wp:term":[{"taxonomy":"actualite-categorie","embeddable":true,"href":"https:\/\/www.ify.fr\/poitou-charentes\/wp-json\/wp\/v2\/actualite-categorie?post=2102"}],"curies":[{"name":"wp","href":"https:\/\/api.w.org\/{rel}","templated":true}]}}