{"id":2074,"date":"2026-03-13T10:51:58","date_gmt":"2026-03-13T09:51:58","guid":{"rendered":"https:\/\/www.ify.fr\/poitou-charentes\/?post_type=actualite&#038;p=2074"},"modified":"2026-03-13T10:51:58","modified_gmt":"2026-03-13T09:51:58","slug":"quest-ce-qui-me-fait-sentir-vivante","status":"publish","type":"actualite","link":"https:\/\/www.ify.fr\/poitou-charentes\/actualite\/quest-ce-qui-me-fait-sentir-vivante\/","title":{"rendered":"Qu&rsquo;est-ce qui me fait sentir vivante ?"},"content":{"rendered":"\n<p>J\u2019ai particip\u00e9 \u00e0 mon deuxi\u00e8me stage de yoga avec beaucoup de joie. J\u2019y ai retrouv\u00e9 un groupe accueillant et bienveillant, o\u00f9 je me suis sentie libre d\u2019\u00eatre moi-m\u00eame, sans jugement.<br>Dominique Adda nous a guid\u00e9 avec beaucoup d\u2019attention et d\u2019\u00e9coute. Chacun a pu pratiquer \u00e0 son rythme, tout en \u00e9tant doucement encourag\u00e9 \u00e0 aller un peu plus loin.<br>Au fil des pratiques et des \u00e9changes, une question m\u2019a particuli\u00e8rement touch\u00e9e : qu\u2019est-ce qui me fait me sentir vivante ? Cette question continue de m\u2019accompagner.\u00a0<br>Peu \u00e0 peu, je r\u00e9alise combien le lien \u00e0 l\u2019autre est essentiel, dans la vie comme sur le tapis.<br>Les pratiques nous ont aussi invit\u00e9 \u00e0 faire circuler le prana, dans le corps mais aussi dans la relation. Nous avons explor\u00e9 diff\u00e9rentes postures, quelques chants, dans une ambiance \u00e0 la fois simple et profonde.<br>Le stage a aussi \u00e9t\u00e9 riche en notions autour du yoga, que chacun peut ensuite prendre le temps d\u2019approfondir de son c\u00f4t\u00e9.<\/p>\n\n\n\n<p>C\u2019\u00e9tait un stage accessible, qui m\u2019aide \u00e0 mieux comprendre ce qu\u2019est le yoga ainsi que l\u2019esprit et la philosophie qui l\u2019accompagnent.&nbsp;<\/p>\n\n\n\n<p>C\u2019est dans cet esprit que je continue mon chemin avec le yoga.\u00a0<\/p>\n\n\n\n<p>Marie, \u00e9l\u00e8ve \u00e0 Brie (Charente)<\/p>\n","protected":false},"excerpt":{"rendered":"<p>J\u2019ai particip\u00e9 \u00e0 mon deuxi\u00e8me stage de yoga avec beaucoup de joie. J\u2019y ai retrouv\u00e9 un groupe accueillant et bienveillant, [&hellip;]<\/p>\n","protected":false},"featured_media":2075,"menu_order":0,"template":"","meta":[],"actualite-categorie":[16],"acf":[],"_links":{"self":[{"href":"https:\/\/www.ify.fr\/poitou-charentes\/wp-json\/wp\/v2\/actualite\/2074"}],"collection":[{"href":"https:\/\/www.ify.fr\/poitou-charentes\/wp-json\/wp\/v2\/actualite"}],"about":[{"href":"https:\/\/www.ify.fr\/poitou-charentes\/wp-json\/wp\/v2\/types\/actualite"}],"version-history":[{"count":2,"href":"https:\/\/www.ify.fr\/poitou-charentes\/wp-json\/wp\/v2\/actualite\/2074\/revisions"}],"predecessor-version":[{"id":2077,"href":"https:\/\/www.ify.fr\/poitou-charentes\/wp-json\/wp\/v2\/actualite\/2074\/revisions\/2077"}],"wp:featuredmedia":[{"embeddable":true,"href":"https:\/\/www.ify.fr\/poitou-charentes\/wp-json\/wp\/v2\/media\/2075"}],"wp:attachment":[{"href":"https:\/\/www.ify.fr\/poitou-charentes\/wp-json\/wp\/v2\/media?parent=2074"}],"wp:term":[{"taxonomy":"actualite-categorie","embeddable":true,"href":"https:\/\/www.ify.fr\/poitou-charentes\/wp-json\/wp\/v2\/actualite-categorie?post=2074"}],"curies":[{"name":"wp","href":"https:\/\/api.w.org\/{rel}","templated":true}]}}