{"id":1995,"date":"2026-01-15T15:40:32","date_gmt":"2026-01-15T14:40:32","guid":{"rendered":"https:\/\/www.ify.fr\/poitou-charentes\/?post_type=actualite&#038;p=1995"},"modified":"2026-01-21T12:39:13","modified_gmt":"2026-01-21T11:39:13","slug":"delier-et-toucher-le-vivant","status":"publish","type":"actualite","link":"https:\/\/www.ify.fr\/poitou-charentes\/actualite\/delier-et-toucher-le-vivant\/","title":{"rendered":"D\u00e9lier et toucher le vivant"},"content":{"rendered":"\n<figure class=\"wp-block-image size-full is-style-rounded\"><img loading=\"lazy\" width=\"209\" height=\"243\" src=\"https:\/\/www.ify.fr\/poitou-charentes\/wp-content\/uploads\/sites\/9\/2026\/01\/image.png\" alt=\"\" class=\"wp-image-1997\" \/><figcaption>Dominique ADDA<\/figcaption><\/figure>\n\n\n\n<p>Apr\u00e8s avoir exerc\u00e9 quelques ann\u00e9es la profession de pharmacienne, Dominique ADDA choisit, en1967, d\u2019approfondir la voie du Yoga en suivant une formation \u00e0 l\u2019enseignement au CEPRY de B.Bouanchaud. Enseignant depuis 1984, elle continue \u00ab sa recherche \u00bb aupr\u00e8s de Pierre Hersnack ainsi que par des s\u00e9minaires \u00e0 Chennai aupr\u00e8s de TKV Desikachar et de son fils Kausthub.<br>Membre du coll\u00e8ge des formateurs de l\u2019Institut Fran\u00e7ais de Yoga, elle voit comme une chance la possibilit\u00e9 de pouvoir partager dans la soci\u00e9t\u00e9 actuelle ce qui lui a \u00e9t\u00e9 transmis : par la pratique, par les textes, \u00e9tudi\u00e9s au sein d\u2019une relation, elle continue \u00e0 apprendre \u00e0 se \u00ab d\u00e9sarmer \u00bb, \u00e0 abandonner peu \u00e0 peu la carapace que nous mettons entre la vie et nous, afin de l\u2019accueillir dans la simplicit\u00e9 et la joie.<\/p>\n\n\n\n<h2 id=\"le-stage\">Le Stage<\/h2>\n\n\n\n<p>Vivre n\u2019est-il pas de prendre appui sur ce qui est, avec ce que nous sommes ? Les habitudes, les jugements, renforcent la relation que nous avons avec tout ce qui nous entoure, en nous donnant la sensation de vivre pleinement. Mais cette relation nous permet-elle de toucher le vivant, cela qui porte la Vie ?<br>Durant ce weekend, nous verrons ensemble si les propositions que nous offre le yoga nous donnent la possibilit\u00e9 de nous en rapprocher.<\/p>\n\n\n\n<h2 id=\"infos-pratiques\">Infos pratiques<\/h2>\n\n\n\n<p><strong>Lieu <\/strong>: Salle \u00ab Morisson \u00bb 11 bis rue de la Charente 16290 HIERSAC<br><strong>Date et Heures<\/strong> : Samedi 28 f\u00e9vrier 9h30 au dimanche 1er mars 17h<br><strong>Co\u00fbt <\/strong>: Adh\u00e9rents : 70\u20ac<br><strong>El\u00e8ve en formation<\/strong> : 60\u20ac<br><strong>Non adh\u00e9rents<\/strong> : 70\u20ac + 20\u20ac d&rsquo;adh\u00e9sion<br>Ch\u00e8que \u00e0 l\u2019ordre de : IFY Poitou-Charentes<br>Contact : Claudine Boulestin 06 67 28 14 75<br>Pour le stage, apporter tapis de pratique, petit banc et pique-nique convivial \u00e0 partager. N\u2019oubliez pas plaid et pull en fonction de la m\u00e9t\u00e9o.<br>En cas de d\u00e9sistement 7 jours avant le stage, il n\u2019y aura aucun remboursement sauf cas majeur document\u00e9<\/p>\n\n\n\n<div class=\"wp-container-69f4bfd6905db wp-block-buttons\">\n<div class=\"wp-block-button aligncenter\"><a class=\"wp-block-button__link\" href=\"https:\/\/www.ify.fr\/poitou-charentes\/wp-content\/uploads\/sites\/9\/2026\/01\/Coupon-reponse-Dominque-ADDA-2026.pdf\">Coupon r\u00e9ponse<\/a><\/div>\n<\/div>\n\n\n\n<p><\/p>\n","protected":false},"excerpt":{"rendered":"<p>Apr\u00e8s avoir exerc\u00e9 quelques ann\u00e9es la profession de pharmacienne, Dominique ADDA choisit, en1967, d\u2019approfondir la voie du Yoga en suivant [&hellip;]<\/p>\n","protected":false},"featured_media":2004,"menu_order":0,"template":"","meta":[],"actualite-categorie":[13],"acf":[],"_links":{"self":[{"href":"https:\/\/www.ify.fr\/poitou-charentes\/wp-json\/wp\/v2\/actualite\/1995"}],"collection":[{"href":"https:\/\/www.ify.fr\/poitou-charentes\/wp-json\/wp\/v2\/actualite"}],"about":[{"href":"https:\/\/www.ify.fr\/poitou-charentes\/wp-json\/wp\/v2\/types\/actualite"}],"version-history":[{"count":4,"href":"https:\/\/www.ify.fr\/poitou-charentes\/wp-json\/wp\/v2\/actualite\/1995\/revisions"}],"predecessor-version":[{"id":2001,"href":"https:\/\/www.ify.fr\/poitou-charentes\/wp-json\/wp\/v2\/actualite\/1995\/revisions\/2001"}],"wp:featuredmedia":[{"embeddable":true,"href":"https:\/\/www.ify.fr\/poitou-charentes\/wp-json\/wp\/v2\/media\/2004"}],"wp:attachment":[{"href":"https:\/\/www.ify.fr\/poitou-charentes\/wp-json\/wp\/v2\/media?parent=1995"}],"wp:term":[{"taxonomy":"actualite-categorie","embeddable":true,"href":"https:\/\/www.ify.fr\/poitou-charentes\/wp-json\/wp\/v2\/actualite-categorie?post=1995"}],"curies":[{"name":"wp","href":"https:\/\/api.w.org\/{rel}","templated":true}]}}