{"id":193,"date":"2026-01-12T08:27:00","date_gmt":"2026-01-12T07:27:00","guid":{"rendered":"https:\/\/www.ify.fr\/poitou-charentes\/?post_type=actualite&#038;p=193"},"modified":"2026-01-12T12:05:07","modified_gmt":"2026-01-12T11:05:07","slug":"post-formation","status":"publish","type":"actualite","link":"https:\/\/www.ify.fr\/poitou-charentes\/actualite\/post-formation\/","title":{"rendered":"Post-formation pour les professeurs et \u00e9l\u00e8ves en formation."},"content":{"rendered":"\n<p>Les stages d&rsquo;approfondissement du yoga sont destin\u00e9s aux professeurs (professeurs enseignants ou non) et aux \u00e9l\u00e8ves en formation de yoga IFY. <\/p>\n\n\n\n<h2 class=\"has-couleur-2-color has-bg-2-background-color has-text-color has-background\" id=\"cycle-2025-2026\">Cycle 2025\/2026<\/h2>\n\n\n\n<h2 id=\"theme-la-bhagavad-gita-enseignement-du-yoga\">Th\u00e8me  : La Bhagavad Gita &#8211; Enseignement du yoga<\/h2>\n\n\n\n<div class=\"wp-block-columns\">\n<div class=\"wp-block-column\" style=\"flex-basis:25%\">\n<figure class=\"wp-block-image size-large is-style-rounded\"><img loading=\"lazy\" width=\"858\" height=\"1024\" src=\"https:\/\/www.ify.fr\/poitou-charentes\/wp-content\/uploads\/sites\/9\/2024\/09\/2023-MFG-PORTRAIT-0067-EPAULES-1-858x1024.jpg\" alt=\"\" class=\"wp-image-1290\" srcset=\"https:\/\/www.ify.fr\/poitou-charentes\/wp-content\/uploads\/sites\/9\/2024\/09\/2023-MFG-PORTRAIT-0067-EPAULES-1-858x1024.jpg 858w, https:\/\/www.ify.fr\/poitou-charentes\/wp-content\/uploads\/sites\/9\/2024\/09\/2023-MFG-PORTRAIT-0067-EPAULES-1-251x300.jpg 251w, https:\/\/www.ify.fr\/poitou-charentes\/wp-content\/uploads\/sites\/9\/2024\/09\/2023-MFG-PORTRAIT-0067-EPAULES-1-768x917.jpg 768w, https:\/\/www.ify.fr\/poitou-charentes\/wp-content\/uploads\/sites\/9\/2024\/09\/2023-MFG-PORTRAIT-0067-EPAULES-1-1287x1536.jpg 1287w, https:\/\/www.ify.fr\/poitou-charentes\/wp-content\/uploads\/sites\/9\/2024\/09\/2023-MFG-PORTRAIT-0067-EPAULES-1-1716x2048.jpg 1716w\" sizes=\"(max-width: 858px) 100vw, 858px\" \/><figcaption><strong>Marie-Fran\u00e7oise Garcia<\/strong><\/figcaption><\/figure>\n<\/div>\n\n\n\n<div class=\"wp-block-column\" style=\"flex-basis:50%\">\n<p>Marie-Fran\u00e7oise GARCIA, vient du monde de la danse. Elle se tourne vers le yoga d\u00e8s l\u2019\u00e2ge de 20 ans, pour g\u00e9rer les difficult\u00e9s du m\u00e9tier de danseuse (blessures, rythme effr\u00e9n\u00e9, tensions psychologiques\u2026).<br>Ses trente ann\u00e9es d\u2019exp\u00e9rience comme interpr\u00e8te et professeure de danse alimentent son approche du yoga, dont les ma\u00eetres mots sont \u00e9coute,  adaptabilit\u00e9 et exigence.<br>Form\u00e9e \u00e0 l\u2019enseignement du yoga par Peter Hersnack, elle devient Formatrice de l\u2019IFY en 2014. Elle enseigne \u00e0 Lyon.<br>Elle re\u00e7oit aussi les enseignements de Michel Alibert, Martyn Neal et de plusieurs \u00e9l\u00e8ves directs de TKV Desikachar en Inde.<br>Marie-Fran\u00e7oise est \u00e9galement Yoga th\u00e9rapeute apr\u00e8s avoir suivi une formation avec le Docteur Natesan Chandrasekaran, aupr\u00e8s duquel elle continue \u00e0 s\u2019enrichir.<\/p>\n<\/div>\n\n\n\n<div class=\"wp-block-column\" style=\"flex-basis:25%\">\n<p class=\"has-text-align-center\"><strong>22\/23 novembre 2025<br>et<br>24\/25 janvier 2026 \u00e0 Brie<\/strong><\/p>\n\n\n\n<div class=\"wp-container-69f4bff6ec3b4 wp-block-buttons\">\n<div class=\"wp-block-button\"><a class=\"wp-block-button__link\" href=\"https:\/\/www.ify.fr\/poitou-charentes\/le-bhagavad-gita-et-enseigner-le-yoga\/\" target=\"_blank\" rel=\"noreferrer noopener\">Infos stage<\/a><\/div>\n\n\n\n<div class=\"wp-block-button\"><a class=\"wp-block-button__link\" href=\"https:\/\/www.ify.fr\/poitou-charentes\/infos-pratiques-post-formation-novembre-2025-et-janvier-2026\/\" target=\"_blank\" rel=\"noreferrer noopener\">Infos pratiques<\/a><\/div>\n<\/div>\n<\/div>\n<\/div>\n","protected":false},"excerpt":{"rendered":"<p>Les stages d&rsquo;approfondissement du yoga sont destin\u00e9s aux professeurs (professeurs enseignants ou non) et aux \u00e9l\u00e8ves en formation de yoga [&hellip;]<\/p>\n","protected":false},"featured_media":1591,"menu_order":0,"template":"","meta":[],"actualite-categorie":[13,11],"acf":[],"_links":{"self":[{"href":"https:\/\/www.ify.fr\/poitou-charentes\/wp-json\/wp\/v2\/actualite\/193"}],"collection":[{"href":"https:\/\/www.ify.fr\/poitou-charentes\/wp-json\/wp\/v2\/actualite"}],"about":[{"href":"https:\/\/www.ify.fr\/poitou-charentes\/wp-json\/wp\/v2\/types\/actualite"}],"version-history":[{"count":6,"href":"https:\/\/www.ify.fr\/poitou-charentes\/wp-json\/wp\/v2\/actualite\/193\/revisions"}],"predecessor-version":[{"id":1871,"href":"https:\/\/www.ify.fr\/poitou-charentes\/wp-json\/wp\/v2\/actualite\/193\/revisions\/1871"}],"wp:featuredmedia":[{"embeddable":true,"href":"https:\/\/www.ify.fr\/poitou-charentes\/wp-json\/wp\/v2\/media\/1591"}],"wp:attachment":[{"href":"https:\/\/www.ify.fr\/poitou-charentes\/wp-json\/wp\/v2\/media?parent=193"}],"wp:term":[{"taxonomy":"actualite-categorie","embeddable":true,"href":"https:\/\/www.ify.fr\/poitou-charentes\/wp-json\/wp\/v2\/actualite-categorie?post=193"}],"curies":[{"name":"wp","href":"https:\/\/api.w.org\/{rel}","templated":true}]}}