{"id":88,"date":"2022-09-13T15:32:57","date_gmt":"2022-09-13T13:32:57","guid":{"rendered":"https:\/\/www.ify.fr\/paca\/?post_type=actualite&#038;p=88"},"modified":"2022-09-13T15:32:58","modified_gmt":"2022-09-13T13:32:58","slug":"les-cahiers-de-presence-desprit","status":"publish","type":"actualite","link":"https:\/\/www.ify.fr\/paca\/actualite\/les-cahiers-de-presence-desprit\/","title":{"rendered":"Les Cahiers de Pr\u00e9sence d\u2019Esprit"},"content":{"rendered":"\n<p>La vocation des&nbsp;<em>Cahiers de Pr\u00e9sence d\u2019Esprit<\/em>&nbsp;est d\u2019\u00eatre, \u00e0 partir du yoga, une sollicitation \u00e0 la pens\u00e9e et \u00e0 l\u2019\u00e9criture ainsi que la consignation d\u2019un enseignement oral.<\/p>\n\n\n\n<p>Cette revue se veut, aussi, un lieu de croisement avec les points de vue et les savoir-faire de notre propre culture et de la modernit\u00e9.<\/p>\n\n\n\n<p>Fond\u00e9s en 2001 par&nbsp;<a href=\"https:\/\/www.presencedesprit.org\/beatrice-viard\" target=\"_blank\" rel=\"noreferrer noopener\"><strong>B\u00e9atrice Viard<\/strong><\/a>, associ\u00e9e depuis 2002 avec&nbsp;<a href=\"https:\/\/www.presencedesprit.org\/nicolle-grand\" target=\"_blank\" rel=\"noreferrer noopener\"><strong>Nicolle Grand<\/strong><\/a>,&nbsp;<em>Les Cahiers de Pr\u00e9sence d\u2019Esprit<\/em>&nbsp;sont publi\u00e9s chaque ann\u00e9e. Vous pouvez vous abonner ou commander cette revue sur le site ci-dessus (paiement par Paypal) ou en leur \u00e9crivant.<\/p>\n","protected":false},"excerpt":{"rendered":"<p>La vocation des&nbsp;Cahiers de Pr\u00e9sence d\u2019Esprit&nbsp;est d\u2019\u00eatre, \u00e0 partir du yoga, une sollicitation \u00e0 la pens\u00e9e et \u00e0 l\u2019\u00e9criture ainsi [&hellip;]<\/p>\n","protected":false},"featured_media":89,"menu_order":0,"template":"","meta":[],"actualite-categorie":[],"acf":[],"_links":{"self":[{"href":"https:\/\/www.ify.fr\/paca\/wp-json\/wp\/v2\/actualite\/88"}],"collection":[{"href":"https:\/\/www.ify.fr\/paca\/wp-json\/wp\/v2\/actualite"}],"about":[{"href":"https:\/\/www.ify.fr\/paca\/wp-json\/wp\/v2\/types\/actualite"}],"version-history":[{"count":1,"href":"https:\/\/www.ify.fr\/paca\/wp-json\/wp\/v2\/actualite\/88\/revisions"}],"predecessor-version":[{"id":90,"href":"https:\/\/www.ify.fr\/paca\/wp-json\/wp\/v2\/actualite\/88\/revisions\/90"}],"wp:featuredmedia":[{"embeddable":true,"href":"https:\/\/www.ify.fr\/paca\/wp-json\/wp\/v2\/media\/89"}],"wp:attachment":[{"href":"https:\/\/www.ify.fr\/paca\/wp-json\/wp\/v2\/media?parent=88"}],"wp:term":[{"taxonomy":"actualite-categorie","embeddable":true,"href":"https:\/\/www.ify.fr\/paca\/wp-json\/wp\/v2\/actualite-categorie?post=88"}],"curies":[{"name":"wp","href":"https:\/\/api.w.org\/{rel}","templated":true}]}}