{"id":756,"date":"2026-03-05T17:12:06","date_gmt":"2026-03-05T16:12:06","guid":{"rendered":"https:\/\/www.ify.fr\/paca\/?post_type=actualite&#038;p=756"},"modified":"2026-03-05T17:24:01","modified_gmt":"2026-03-05T16:24:01","slug":"formation-de-professeurs-de-yoga","status":"publish","type":"actualite","link":"https:\/\/www.ify.fr\/paca\/actualite\/formation-de-professeurs-de-yoga\/","title":{"rendered":"Formation de professeurs de yoga"},"content":{"rendered":"\n<h2 id=\"devenir-professeur-de-yoga-pour-qui-pourquoi\"><strong>Devenir professeur de Yoga pour qui, pourquoi ?&nbsp;<\/strong><\/h2>\n\n\n\n<p>La formation s\u2019adresse non seulement aux chercheurs, ceux qui se questionnent sur la vie, sur leur rapport au monde, \u00e0 toute personne en qu\u00eate d\u2019une forme d\u2019\u00e9panouissement, de mieux \u00eatre mais aussi \u00e0 celles et ceux qui souhaitent d\u00e9velopper des connaissances afin d\u2019\u00eatre plus \u00e0 l\u2019aise dans notre soci\u00e9t\u00e9 et transmettre les bienfaits du Yoga comme des rayons de soleil qui partent dans toutes les directions. Le Yoga&nbsp;: une exp\u00e9rience avec soi et avec tous ceux qui souhaitent la partager.&nbsp;<\/p>\n\n\n\n<h2 id=\"pourquoi-choisir-ce-yoga-specifique\"><strong>Pourquoi choisir ce Yoga sp\u00e9cifique&nbsp;?<\/strong><\/h2>\n\n\n\n<p>Le Yoga transmis par l\u2019Institut Fran\u00e7ais de Yoga est reconnu par l\u2019Union Europ\u00e9enne de Yoga gage de s\u00e9rieux, de qualit\u00e9, sur une dur\u00e9e de 500 heures ce qui laisse le temps \u00e0 chacun d\u2019\u00e9tudier, de s\u2019impr\u00e9gner des nombreuses notions enseign\u00e9es et surtout d\u2019en faire l\u2019exp\u00e9rience, pour cela il faut du temps, c\u2019est un engagement.&nbsp;&nbsp;De plus, il est beaucoup plus facile de se consacrer \u00e0 l\u2019\u00e9tude lorsqu\u2019on est en formation qu\u2019apr\u00e8s, la vie nous rattrape avec toutes ses sollicitations\u2026 Enfin, il serait dommage de survoler un enseignement si riche, rester sur des connaissances superficielles qui retarderaient la progression de chacun vers ses aspirations profondes.<\/p>\n\n\n\n<h2 id=\"d-ou-vient-cet-enseignement\"><strong>D\u2019o\u00f9 vient cet enseignement&nbsp;?<\/strong><\/h2>\n\n\n\n<p>D\u2019une longue lign\u00e9e de professeurs qui a transmis les valeurs du Yoga sur plusieurs g\u00e9n\u00e9rations, la plus proche de nous est celle de T.K.V Desikachar dont l\u2019enseignement se perp\u00e9tue en Inde du Sud \u00e0 Chennai et dans le monde entier gr\u00e2ce \u00e0 des professeurs qu\u2019il a form\u00e9s depuis de longues ann\u00e9es.<\/p>\n\n\n\n<p>Le Yoga propos\u00e9, que la personne soit flexible, raide, en parfaite sant\u00e9 ou avec des pathologies, s\u2019adapte \u00e0 tout aspirant sinc\u00e8re. Ce Yoga prendra en compte le contexte familial, professionnel, le style de vie \u2026 de chaque personne pour partir de son potentiel et cheminer tout en progression.<\/p>\n\n\n\n<h2 id=\"qu-apprend-on-pendant-cette-formation\"><strong>Qu\u2019apprend-on pendant cette formation&nbsp;?<\/strong><\/h2>\n\n\n\n<ul><li>On apprend beaucoup sur soi&nbsp;!<\/li><li>On pratique, on exp\u00e9rimente des postures, des respirations, diff\u00e9rentes voies vers la m\u00e9ditation<\/li><li>On \u00e9tudie comment construire une s\u00e9ance coh\u00e9rente, comment l\u2019enseigner avec des mises en situation<\/li><li>On observe&nbsp;<\/li><li>Plein d\u2019autres d\u00e9couvertes seront au rendez-vous \u2026<\/li><\/ul>\n\n\n\n<p>Pendant cette formation s\u2019entrecroisent diff\u00e9rents univers qui se compl\u00e8tent harmonieusement l\u2019\u00e9tude de textes anciens dont principalement les Yoga&nbsp;&nbsp;s\u016btra de Pata\u00f1jali trait\u00e9 extraordinairement rest\u00e9 moderne, adapt\u00e9 \u00e0 n\u2019importe quelle \u00e9poque, avec de multiples outils, pour nous permettre d\u2019avancer dans la vie.&nbsp;<\/p>\n\n\n\n<p>Au-del\u00e0 de la th\u00e9orie n\u00e9cessaire \u00e0 l\u2019apprentissage, des temps interactifs en ateliers, en sous-groupe seront d\u00e9di\u00e9s \u00e0 l\u2019exploration des diff\u00e9rents concepts du Yoga.<\/p>\n\n\n\n<p>Des cours individuels viendront soutenir les stagiaires dans leur d\u00e9marche personnelle, questionnements, pratique adapt\u00e9e etc.<\/p>\n\n\n\n<p>Des notions de Yoga Th\u00e9rapie, de Yoga sp\u00e9cifique (senior, femme enceinte \u2026) enrichiront le parcours des stagiaires.<\/p>\n\n\n\n<p>Des intervenants viendront compl\u00e9ter ce cursus avec leur expertise sur diff\u00e9rents sujets li\u00e9s \u00e0 une meilleure compr\u00e9hension du corps.&nbsp;<\/p>\n\n\n\n<p>Un dipl\u00f4me de l\u2019Institut Fran\u00e7ais du Yoga sera d\u00e9cern\u00e9 aux personnes qui auront satisfaits aux contr\u00f4les r\u00e9guliers des connaissances, \u00e0 la pr\u00e9sentation d\u2019un m\u00e9moire et auront valid\u00e9 leur aptitude \u00e0 enseigner.<\/p>\n\n\n\n<h2 id=\"la-formatrice\"><strong>La formatrice<\/strong><\/h2>\n\n\n\n<p>Rien \u00e0 priori ne la mettait sur le chemin du Yoga et pourtant \u2026 Tout commence avec une formation de professeurs de Yoga aupr\u00e8s de Bernard Bouanchaud sans que Martine ait une quelconque aspiration \u00e0 devenir professeure. Oui mais bon, un r\u00e9el attrait pour le Yoga, \u00ab&nbsp;pourquoi \u00e7a marche si bien&nbsp;?\u00bb et de fil en aiguille l\u2019envie de continuer, de transmettre ce qui lui avait d\u00e9j\u00e0 tant donn\u00e9&nbsp;! Un autre dipl\u00f4me est venu s\u2019ajouter suite \u00e0 la formation en Yoga th\u00e9rapie, avec le Docteur Chandrasekaran, une r\u00e9v\u00e9lation&nbsp;\u2026&nbsp;&nbsp;Assistante de formation pendant des ann\u00e9es aupr\u00e8s de Nathalie Moulis, ses aspirations l\u2019entrainent de plus en plus s\u00fbrement vers l\u2019enseignement aux professeurs et elle entame une formation de formatrice\u2026 Tout en progression comme dans notre tradition \u2026<\/p>\n\n\n\n<p>L\u2019Inde a \u00e9t\u00e9 \u00e9galement une d\u00e9couverte merveilleuse, l\u2019occasion de s\u2019ouvrir \u00e0 une culture si atypique et si attachante. Les voyages ont toujours eu pour but d\u2019aller \u00e0 la source de notre enseignement (comme une douce piq\u00fbre de rappel) et s\u00e9journer soit en groupe, soit en solo anim\u00e9e par les relations \u00e0 la population locale, leur mode de vie, une nature luxuriante, un plongeon dans un univers chatoyant et riche de ses extraordinaires contrastes, \u00ab&nbsp;Incredible India&nbsp;\u00bb porte bien son nom.<\/p>\n\n\n\n<p>&nbsp;Vous pouvez consulter la plaquette pour toutes les modalit\u00e9s du cycle de formation qui d\u00e9butera en Novembre 2026 ci-dessous&nbsp;:<\/p>\n\n\n\n<h2 id=\"programme-et-inscription\">Programme et inscription<\/h2>\n\n\n\n<figure class=\"wp-block-image size-full\"><a href=\"https:\/\/www.ify.fr\/paca\/wp-content\/uploads\/sites\/8\/2026\/03\/PLAQUETTE-FORMATION-2026-COMPRESSE.pdf\"><img loading=\"lazy\" width=\"842\" height=\"595\" src=\"https:\/\/www.ify.fr\/paca\/wp-content\/uploads\/sites\/8\/2026\/03\/PLAQUETTE-FORMATION-2026.jpg\" alt=\"\" class=\"wp-image-759\" srcset=\"https:\/\/www.ify.fr\/paca\/wp-content\/uploads\/sites\/8\/2026\/03\/PLAQUETTE-FORMATION-2026.jpg 842w, https:\/\/www.ify.fr\/paca\/wp-content\/uploads\/sites\/8\/2026\/03\/PLAQUETTE-FORMATION-2026-300x212.jpg 300w, https:\/\/www.ify.fr\/paca\/wp-content\/uploads\/sites\/8\/2026\/03\/PLAQUETTE-FORMATION-2026-768x543.jpg 768w\" sizes=\"(max-width: 842px) 100vw, 842px\" \/><\/a><\/figure>\n\n\n\n<figure class=\"wp-block-image size-full\"><img loading=\"lazy\" width=\"842\" height=\"595\" src=\"https:\/\/www.ify.fr\/paca\/wp-content\/uploads\/sites\/8\/2026\/03\/PLAQUETTE-FORMATION-2026-COMPRESSE.jpg\" alt=\"\" class=\"wp-image-766\" srcset=\"https:\/\/www.ify.fr\/paca\/wp-content\/uploads\/sites\/8\/2026\/03\/PLAQUETTE-FORMATION-2026-COMPRESSE.jpg 842w, https:\/\/www.ify.fr\/paca\/wp-content\/uploads\/sites\/8\/2026\/03\/PLAQUETTE-FORMATION-2026-COMPRESSE-300x212.jpg 300w, https:\/\/www.ify.fr\/paca\/wp-content\/uploads\/sites\/8\/2026\/03\/PLAQUETTE-FORMATION-2026-COMPRESSE-768x543.jpg 768w\" sizes=\"(max-width: 842px) 100vw, 842px\" \/><\/figure>\n","protected":false},"excerpt":{"rendered":"<p>Devenir professeur de Yoga pour qui, pourquoi ?&nbsp; La formation s\u2019adresse non seulement aux chercheurs, ceux qui se questionnent sur [&hellip;]<\/p>\n","protected":false},"featured_media":758,"menu_order":0,"template":"","meta":[],"actualite-categorie":[16],"acf":[],"_links":{"self":[{"href":"https:\/\/www.ify.fr\/paca\/wp-json\/wp\/v2\/actualite\/756"}],"collection":[{"href":"https:\/\/www.ify.fr\/paca\/wp-json\/wp\/v2\/actualite"}],"about":[{"href":"https:\/\/www.ify.fr\/paca\/wp-json\/wp\/v2\/types\/actualite"}],"version-history":[{"count":5,"href":"https:\/\/www.ify.fr\/paca\/wp-json\/wp\/v2\/actualite\/756\/revisions"}],"predecessor-version":[{"id":767,"href":"https:\/\/www.ify.fr\/paca\/wp-json\/wp\/v2\/actualite\/756\/revisions\/767"}],"wp:featuredmedia":[{"embeddable":true,"href":"https:\/\/www.ify.fr\/paca\/wp-json\/wp\/v2\/media\/758"}],"wp:attachment":[{"href":"https:\/\/www.ify.fr\/paca\/wp-json\/wp\/v2\/media?parent=756"}],"wp:term":[{"taxonomy":"actualite-categorie","embeddable":true,"href":"https:\/\/www.ify.fr\/paca\/wp-json\/wp\/v2\/actualite-categorie?post=756"}],"curies":[{"name":"wp","href":"https:\/\/api.w.org\/{rel}","templated":true}]}}