{"id":752,"date":"2026-03-05T16:47:42","date_gmt":"2026-03-05T15:47:42","guid":{"rendered":"https:\/\/www.ify.fr\/paca\/?post_type=actualite&#038;p=752"},"modified":"2026-03-05T17:15:10","modified_gmt":"2026-03-05T16:15:10","slug":"joie-et-yoga","status":"publish","type":"actualite","link":"https:\/\/www.ify.fr\/paca\/actualite\/joie-et-yoga\/","title":{"rendered":"Joie et Yoga"},"content":{"rendered":"\n<p>L&rsquo;IFYPACA invite Philippe Le Masson les samedi 14 et dimanche 15 mars sur le th\u00e8me \u00ab Yoga et Joie \u00bb<\/p>\n\n\n\n<p>Conf\u00e9rence&nbsp;: le&nbsp;samedi&nbsp;14 mars de 18&nbsp;h \u00e0 19&nbsp;h&nbsp;30&nbsp;<\/p>\n\n\n\n<p>Journ\u00e9e&nbsp;: le&nbsp;dimanche&nbsp;15 mars de 9&nbsp;h \u00e0 17 h<\/p>\n\n\n\n<p>O\u00f9&nbsp;? &nbsp;Gymnase du coll\u00e8ge Le Rouret&nbsp;Salle du bois de St Jeaume&nbsp;Coll\u00e8ge du pr\u00e9 des Roures&nbsp;06650 Ch\u00e2teauneuf Grasse le Rouret&nbsp;<\/p>\n\n\n\n<p>Sur l\u2019affiche ci-jointe, vous trouverez toutes les informations n\u00e9cessaires ainsi que le QR code ou le lien pour vous inscrire.Ci-dessous le lien pour votre inscription&nbsp;:&nbsp;<a href=\"https:\/\/framaforms.org\/philippe-le-masson-14-et-15-mars-antibes-1769419910\">https:\/\/framaforms.org\/philippe-le-masson-14-et-15-mars-antibes-1769419910<\/a><\/p>\n\n\n\n<p>En cas de r\u00e8glement sur place en esp\u00e8ces,&nbsp;<strong><u>merci de faire l\u2019appoint<\/u>&nbsp;:&nbsp;<\/strong>Conf\u00e9rence : 5\u20ac pour tous&nbsp;Journ\u00e9e : 35 \u20ac pour les adh\u00e9rents (adh\u00e9sion 18 \u20ac)&nbsp;&nbsp;<\/p>\n\n\n\n<figure class=\"wp-block-image size-large\"><img loading=\"lazy\" width=\"724\" height=\"1024\" src=\"https:\/\/www.ify.fr\/paca\/wp-content\/uploads\/sites\/8\/2026\/03\/Affiche-conf-et-journee-Philippe-LE-MASSON-copie-724x1024.jpeg\" alt=\"\" class=\"wp-image-754\" srcset=\"https:\/\/www.ify.fr\/paca\/wp-content\/uploads\/sites\/8\/2026\/03\/Affiche-conf-et-journee-Philippe-LE-MASSON-copie-724x1024.jpeg 724w, https:\/\/www.ify.fr\/paca\/wp-content\/uploads\/sites\/8\/2026\/03\/Affiche-conf-et-journee-Philippe-LE-MASSON-copie-212x300.jpeg 212w, https:\/\/www.ify.fr\/paca\/wp-content\/uploads\/sites\/8\/2026\/03\/Affiche-conf-et-journee-Philippe-LE-MASSON-copie-768x1086.jpeg 768w, https:\/\/www.ify.fr\/paca\/wp-content\/uploads\/sites\/8\/2026\/03\/Affiche-conf-et-journee-Philippe-LE-MASSON-copie-1086x1536.jpeg 1086w, https:\/\/www.ify.fr\/paca\/wp-content\/uploads\/sites\/8\/2026\/03\/Affiche-conf-et-journee-Philippe-LE-MASSON-copie-1320x1867.jpeg 1320w, https:\/\/www.ify.fr\/paca\/wp-content\/uploads\/sites\/8\/2026\/03\/Affiche-conf-et-journee-Philippe-LE-MASSON-copie.jpeg 1414w\" sizes=\"(max-width: 724px) 100vw, 724px\" \/><\/figure>\n","protected":false},"excerpt":{"rendered":"<p>L&rsquo;IFYPACA invite Philippe Le Masson les samedi 14 et dimanche 15 mars sur le th\u00e8me \u00ab Yoga et Joie \u00bb [&hellip;]<\/p>\n","protected":false},"featured_media":754,"menu_order":0,"template":"","meta":[],"actualite-categorie":[13],"acf":[],"_links":{"self":[{"href":"https:\/\/www.ify.fr\/paca\/wp-json\/wp\/v2\/actualite\/752"}],"collection":[{"href":"https:\/\/www.ify.fr\/paca\/wp-json\/wp\/v2\/actualite"}],"about":[{"href":"https:\/\/www.ify.fr\/paca\/wp-json\/wp\/v2\/types\/actualite"}],"version-history":[{"count":3,"href":"https:\/\/www.ify.fr\/paca\/wp-json\/wp\/v2\/actualite\/752\/revisions"}],"predecessor-version":[{"id":762,"href":"https:\/\/www.ify.fr\/paca\/wp-json\/wp\/v2\/actualite\/752\/revisions\/762"}],"wp:featuredmedia":[{"embeddable":true,"href":"https:\/\/www.ify.fr\/paca\/wp-json\/wp\/v2\/media\/754"}],"wp:attachment":[{"href":"https:\/\/www.ify.fr\/paca\/wp-json\/wp\/v2\/media?parent=752"}],"wp:term":[{"taxonomy":"actualite-categorie","embeddable":true,"href":"https:\/\/www.ify.fr\/paca\/wp-json\/wp\/v2\/actualite-categorie?post=752"}],"curies":[{"name":"wp","href":"https:\/\/api.w.org\/{rel}","templated":true}]}}