{"id":698,"date":"2024-09-30T09:20:03","date_gmt":"2024-09-30T07:20:03","guid":{"rendered":"https:\/\/www.ify.fr\/paca\/?post_type=actualite&#038;p=698"},"modified":"2024-09-30T09:48:39","modified_gmt":"2024-09-30T07:48:39","slug":"lifypaca-au-congres-de-zinal-sur-pra%e1%b9%87a","status":"publish","type":"actualite","link":"https:\/\/www.ify.fr\/paca\/actualite\/lifypaca-au-congres-de-zinal-sur-pra%e1%b9%87a\/","title":{"rendered":"L&rsquo;IFYPACA au Congr\u00e8s de Zinal sur Pr\u0101\u1e47a"},"content":{"rendered":"\n<p>Le Congr\u00e8s de Zinal 2024 a eu lieu du 18 au 23 ao\u00fbt. Le th\u00e8me \u00e9tait <em><em>Pr\u0101\u1e47a<\/em>.<\/em><\/p>\n\n\n\n<p>\u00ab\u00a0Le <em><em>Pr\u0101\u1e47a<\/em><\/em> est la force vitale qui anime tous les \u00eatres vivants. Il \u00e9mane de l\u2019<em>atman<\/em> et suit la conscience comme une ombre suit l\u2019homme. Le <em><em>Pr\u0101\u1e47a<\/em><\/em> agit dans notre corps de cinq mani\u00e8res diff\u00e9rentes, \u00e0 travers les cinq <em><em><em>pr\u0101\u1e47a<\/em><\/em><\/em> <em>vayu<\/em>, dynamisant toutes ses fonctions.\u00a0Dans le cadre magnifique du Val d\u2019Anniviers, le congr\u00e8s de Zinal 2024 a explor\u00e9 diff\u00e9rentes mani\u00e8res de travailler avec le <em><em>Pr\u0101\u1e47a<\/em><\/em>.\u00a0\u00bb<\/p>\n\n\n\n<p class=\"has-text-align-right\">Par Martine FRITTE<\/p>\n\n\n\n<h2 id=\"les-perles-de-zinal-sur-pra\u1e47a\">Les perles de Zinal sur <em>Pr\u0101\u1e47a<\/em><\/h2>\n\n\n\n<p>Merci aux intervenants principaux d&rsquo;avoir partag\u00e9 leurs r\u00e9flexions :<\/p>\n\n\n\n<p>\u00ab&nbsp;Respire la magie de la vie et la tendresse de l\u2019\u00eatre \/ Respire le contentement \/ Laisse de l\u2019espace \u00e0 l\u2019inspiration \/ Donne du temps \u00e0 l\u2019expiration \/ Expire&nbsp;\u00bb (d\u2019apr\u00e8s Adhhelheid Ohlig)<\/p>\n\n\n\n<p>\u00ab&nbsp;Lorsque nous sommes pr\u00e9sents ici et maintenant \/ Et que nous relions notre pens\u00e9e (perception consciente) \/ Au flux infini de <em>pr\u0101\u1e47a<\/em>, le sentiment originel \/ Et naturel de bonheur \u00e9merge&nbsp;\u00bb (d\u2019apr\u00e8s Alberto Paganini)<\/p>\n\n\n\n<p>\u00ab&nbsp;S\u2019il me fallait aujourd\u2019hui y donner un sens personnel, \/ Je nommerais le <em>pr\u0101\u1e47a<\/em> comme la nature intime du mouvement \/ Dont r\u00e9sulte toutes les formes de la cr\u00e9ation.&nbsp;\u00bb (d\u2019apr\u00e8s Andr\u00e9 Rielhl)<\/p>\n\n\n\n<p>\u00ab&nbsp;La m\u00e9ditation sur <em>pr\u0101\u1e47a<\/em>, connue sous le nom de <em>pr\u0101\u1e47a-upasana<\/em>, \/ Est consid\u00e9r\u00e9e comme une \u00e9tape pr\u00e9liminaire essentielle pour \/ Pr\u00e9parer l\u2019esprit \u00e0 la r\u00e9alisation plus profonde de l\u2019unit\u00e9 \/ Et de l\u2019unicit\u00e9 avec l\u2019univers \u00bb (d&rsquo;apr\u00e8s Siddharata Krishna)<\/p>\n\n\n\n<h2 id=\"temoignages\">T\u00e9moignages<\/h2>\n\n\n\n<p>\u00ab&nbsp;Zinal est un des pittoresques villages suisses du Val d\u2019Anniviers. Ce lieu entour\u00e9 de glaciers est splendide, son torrent glaciaire, la Navizence, le fait vibrer. Ici, M\u00e8re Nature stimule tous nos sens et le <em>pr\u0101\u1e47a<\/em> existant est une \u00e9vidence&nbsp;! Durant ce 51e congr\u00e8s, tout a concord\u00e9 pour permettre \u00e0 chacun de nous de se nourrir des textes, se laisser guider lors de m\u00e9ditations inspirantes, de d\u00e9couvrir et approfondir des pratiques in\u00e9dites. Le tout, dispens\u00e9 par des intervenants lumineux&nbsp;!&nbsp;\u00bb (Jacqueline MILANO)<\/p>\n\n\n\n<p>\u00ab Premi\u00e8re rencontre avec le 51e congr\u00e8s europ\u00e9en de Yoga \u00e0 Zinal sur le th\u00e8me de <em>pr\u0101\u1e47a<\/em>, la force de vie. Une exp\u00e9rience enrichissante qui m&rsquo;a offert le possible des rencontres avec des enseignants repr\u00e9sentant un arc-en-ciel de traditions et d&rsquo;\u00e9coles. Le temps de l&rsquo;infusion se poursuit \u00bb (Christina)<\/p>\n\n\n\n<p>\u00ab&nbsp;Retour \u00e0 Zinal pour le 51e Congr\u00e8s organis\u00e9 par l&rsquo;Union Europ\u00e9enne de Yoga dont le th\u00e8me \u00e9tait <em>pr\u0101\u1e47a<\/em>, une semaine riche de rencontres entre professeurs et pratiquants de diff\u00e9rents pays, deux invit\u00e9s d&rsquo;honneur passionnants Siddartha Krishna et Swami Maitreyi sur un th\u00e8me porteur d&rsquo;\u00e9nergie vitale, de souffle et d&rsquo;exp\u00e9riences dans un site grandiose et magnifique. Une semaine d&rsquo;enseignements de grande qualit\u00e9, des approches vari\u00e9es que ce soit au niveau des pratiques que des conf\u00e9rences, un moyen de se nourrir toujours du Yoga et de sa richesse. Le plaisir de conna\u00eetre d&rsquo;autres \u00e9coles et enseignants, d&rsquo;autres pratiquants avec qui \u00e9changer, une semaine dense et r\u00e9ussie. Merci \u00e0 tous celles et ceux qui ont rendu cela possible.&nbsp;\u00bb (V\u00e9ronique CHABAT)<\/p>\n\n\n\n<p><strong>Le th\u00e8me du prochain Congr\u00e8s de Zinal, du 17 au 22 ao\u00fbt 2025, sera <em>Abhy\u0101sa-vair\u0101gyabhyam<\/em><\/strong><\/p>\n\n\n\n<h2><\/h2>\n\n\n\n<p><\/p>\n","protected":false},"excerpt":{"rendered":"<p>Le Congr\u00e8s de Zinal 2024 a eu lieu du 18 au 23 ao\u00fbt. Le th\u00e8me \u00e9tait Pr\u0101\u1e47a. \u00ab\u00a0Le Pr\u0101\u1e47a est [&hellip;]<\/p>\n","protected":false},"featured_media":701,"menu_order":0,"template":"","meta":[],"actualite-categorie":[14,8],"acf":[],"_links":{"self":[{"href":"https:\/\/www.ify.fr\/paca\/wp-json\/wp\/v2\/actualite\/698"}],"collection":[{"href":"https:\/\/www.ify.fr\/paca\/wp-json\/wp\/v2\/actualite"}],"about":[{"href":"https:\/\/www.ify.fr\/paca\/wp-json\/wp\/v2\/types\/actualite"}],"version-history":[{"count":3,"href":"https:\/\/www.ify.fr\/paca\/wp-json\/wp\/v2\/actualite\/698\/revisions"}],"predecessor-version":[{"id":709,"href":"https:\/\/www.ify.fr\/paca\/wp-json\/wp\/v2\/actualite\/698\/revisions\/709"}],"wp:featuredmedia":[{"embeddable":true,"href":"https:\/\/www.ify.fr\/paca\/wp-json\/wp\/v2\/media\/701"}],"wp:attachment":[{"href":"https:\/\/www.ify.fr\/paca\/wp-json\/wp\/v2\/media?parent=698"}],"wp:term":[{"taxonomy":"actualite-categorie","embeddable":true,"href":"https:\/\/www.ify.fr\/paca\/wp-json\/wp\/v2\/actualite-categorie?post=698"}],"curies":[{"name":"wp","href":"https:\/\/api.w.org\/{rel}","templated":true}]}}