{"id":572,"date":"2023-09-17T14:13:51","date_gmt":"2023-09-17T12:13:51","guid":{"rendered":"https:\/\/www.ify.fr\/paca\/?post_type=actualite&#038;p=572"},"modified":"2023-09-18T10:46:46","modified_gmt":"2023-09-18T08:46:46","slug":"journee-des-professeur-es-24-septembre-2023","status":"publish","type":"actualite","link":"https:\/\/www.ify.fr\/paca\/actualite\/journee-des-professeur-es-24-septembre-2023\/","title":{"rendered":"Journ\u00e9e des Professeur.es 24 septembre 2023"},"content":{"rendered":"\n<p>Lieu : Club L\u00e9o Lagrange, boulevard des fleurs \u2013 83300 DRAGUIGNAN<br>Horaires : de 9 h \u00e0 17 h<\/p>\n\n\n\n<h2 id=\"yama-et-niyama-comment-les-integrer-dans-nos-cours\">Yama et niyama : comment les int\u00e9grer dans nos cours ?<\/h2>\n\n\n\n<p>La journ\u00e9e est offerte et r\u00e9serv\u00e9e aux professeur.es adh\u00e9rent.es de l&rsquo;IFYPACA. Vous pouvez adh\u00e9rer d&rsquo;ici l\u00e0 bien s\u00fbr, en vous rendant dans votre espace priv\u00e9 sur <a rel=\"noreferrer noopener\" href=\"http:\/\/www.ify.fr\" target=\"_blank\">www.ify.fr<\/a>.<br>L&rsquo;inscription est cependant obligatoire, en envoyant un mail \u00e0 <a rel=\"noreferrer noopener\" href=\"mailto:secretariat@ifypaca.fr\" target=\"_blank\">secretariat@ifypaca.fr<\/a>.<br><strong>Apportez : tapis, coussin, papier et crayons, pique-nique.<\/strong><\/p>\n\n\n\n<figure class=\"wp-block-image size-large\"><img loading=\"lazy\" width=\"724\" height=\"1024\" src=\"https:\/\/www.ify.fr\/paca\/wp-content\/uploads\/sites\/8\/2023\/09\/2023-09-journee-des-profs-ifyPACA-DEF-724x1024.jpg\" alt=\"\" class=\"wp-image-573\" srcset=\"https:\/\/www.ify.fr\/paca\/wp-content\/uploads\/sites\/8\/2023\/09\/2023-09-journee-des-profs-ifyPACA-DEF-724x1024.jpg 724w, https:\/\/www.ify.fr\/paca\/wp-content\/uploads\/sites\/8\/2023\/09\/2023-09-journee-des-profs-ifyPACA-DEF-212x300.jpg 212w, https:\/\/www.ify.fr\/paca\/wp-content\/uploads\/sites\/8\/2023\/09\/2023-09-journee-des-profs-ifyPACA-DEF-768x1086.jpg 768w, https:\/\/www.ify.fr\/paca\/wp-content\/uploads\/sites\/8\/2023\/09\/2023-09-journee-des-profs-ifyPACA-DEF-1086x1536.jpg 1086w, https:\/\/www.ify.fr\/paca\/wp-content\/uploads\/sites\/8\/2023\/09\/2023-09-journee-des-profs-ifyPACA-DEF.jpg 1240w\" sizes=\"(max-width: 724px) 100vw, 724px\" \/><\/figure>\n\n\n\n<p><strong>Programme<\/strong><br>9 h &#8211; 9 h 30 Accueil autour d&rsquo;une boisson chaude &#8211; \u00e9changes d&rsquo;information<br><strong>9 h 30 &#8211; 10 h 45 Atelier et pratique autour du th\u00e8me &#8211; conception de s\u00e9ances<\/strong><br>10 h 45 &#8211; 11 h 10 Pause<br><strong>11 h 10 &#8211; 12 h 30 Assembl\u00e9e G\u00e9n\u00e9rale &#8211; vote des rapports moral et financier et des orientations<\/strong><br>12 h 30 &#8211; 13 h30 PIQUE-NIQUE<br>13 h 30 &#8211; 14 h30 Atelier pratique de prise en main du nouvel intranet (gestion de ses informations personnelles, cours, stages, inscriptions, \u00e9l\u00e8ves, envois de message, etc.) &#8211; R\u00e9ponses aux questions<br><strong>14 h 30 &#8211; 15 h 30 Pratique autour des yama<\/strong><br>15 h 30 &#8211; 16 h 00 Pause<br><strong>16 h 00 &#8211; 17 h 00 Pratique autour des niyama <\/strong><\/p>\n","protected":false},"excerpt":{"rendered":"<p>Lieu : Club L\u00e9o Lagrange, boulevard des fleurs \u2013 83300 DRAGUIGNANHoraires : de 9 h \u00e0 17 h Yama et [&hellip;]<\/p>\n","protected":false},"featured_media":573,"menu_order":0,"template":"","meta":[],"actualite-categorie":[8],"acf":[],"_links":{"self":[{"href":"https:\/\/www.ify.fr\/paca\/wp-json\/wp\/v2\/actualite\/572"}],"collection":[{"href":"https:\/\/www.ify.fr\/paca\/wp-json\/wp\/v2\/actualite"}],"about":[{"href":"https:\/\/www.ify.fr\/paca\/wp-json\/wp\/v2\/types\/actualite"}],"version-history":[{"count":1,"href":"https:\/\/www.ify.fr\/paca\/wp-json\/wp\/v2\/actualite\/572\/revisions"}],"predecessor-version":[{"id":574,"href":"https:\/\/www.ify.fr\/paca\/wp-json\/wp\/v2\/actualite\/572\/revisions\/574"}],"wp:featuredmedia":[{"embeddable":true,"href":"https:\/\/www.ify.fr\/paca\/wp-json\/wp\/v2\/media\/573"}],"wp:attachment":[{"href":"https:\/\/www.ify.fr\/paca\/wp-json\/wp\/v2\/media?parent=572"}],"wp:term":[{"taxonomy":"actualite-categorie","embeddable":true,"href":"https:\/\/www.ify.fr\/paca\/wp-json\/wp\/v2\/actualite-categorie?post=572"}],"curies":[{"name":"wp","href":"https:\/\/api.w.org\/{rel}","templated":true}]}}