{"id":531,"date":"2023-09-18T16:08:52","date_gmt":"2023-09-18T14:08:52","guid":{"rendered":"https:\/\/www.ify.fr\/paca\/?post_type=actualite&#038;p=531"},"modified":"2023-12-04T15:35:11","modified_gmt":"2023-12-04T14:35:11","slug":"rentree-2023-les-evenements-de-lifypaca","status":"publish","type":"actualite","link":"https:\/\/www.ify.fr\/paca\/actualite\/rentree-2023-les-evenements-de-lifypaca\/","title":{"rendered":"Les \u00e9v\u00e9nements IFYPACA 2023-2024"},"content":{"rendered":"\n<p>C&rsquo;est le moment de sortir les agendas ! Voici les dates des \u00e9v\u00e9nements de l&rsquo;ann\u00e9e qui d\u00e9bute. <\/p>\n\n\n\n<h2 class=\"has-couleur-2-color has-bg-3-background-color has-text-color has-background\" id=\"une-annee-sous-le-signe-de-la-relation\">Les dates<\/h2>\n\n\n\n<p class=\"has-couleur-2-color has-bg-2-background-color has-text-color has-background\"><strong>Dimanche 24 septembre 2023<\/strong> : Journ\u00e9e des Professeurs et Assembl\u00e9e G\u00e9n\u00e9rale &#8211; DRAGUIGNAN (83)<\/p>\n\n\n\n<p>\u00c0 l&rsquo;occasion de cette journ\u00e9e, nous accueillerons les nouveaux professeurs et professeures de la derni\u00e8re formation, fra\u00eechement dipl\u00f4m\u00e9s. <\/p>\n\n\n\n<p class=\"has-couleur-2-color has-bg-2-background-color has-text-color has-background\"><strong>Dimanche 10 d\u00e9cembre 2023<\/strong> : Journ\u00e9e des Adh\u00e9rentes et Adh\u00e9rents &#8211; ANTIBES (06) &#8211; Salle de l&rsquo;aqueduc<\/p>\n\n\n\n<p>La journ\u00e9e est offerte \u00e0 tous les adh\u00e9rents et adh\u00e9rentes. Il est possible d&rsquo;adh\u00e9rer sur place pour participer. Des ateliers et des pratiques seront propos\u00e9s par les professeurs IFY PACA. L&rsquo;ann\u00e9e derni\u00e8re, plusieurs d&rsquo;entre vous nous ont rejoints \u00e0 cette occasion !<\/p>\n\n\n\n<p class=\"has-couleur-2-color has-bg-2-background-color has-text-color has-background\"><strong>Dimanche 28 janvier 2024<\/strong> : Journ\u00e9e th\u00e9matique sur le syst\u00e8me respiratoire &#8211; ANTIBES (06) &#8211; Salle de l&rsquo;aqueduc <\/p>\n\n\n\n<p>Avec Julien HALLOY, ost\u00e9opathe et pratiquant de yoga.<\/p>\n\n\n\n<p class=\"has-couleur-2-color has-bg-2-background-color has-text-color has-background\"><strong>Samedi 13 et dimanche 14 avril 2024<\/strong> : Week-end avec Martyn Neal &#8211; DRAGUIGNAN (83)<\/p>\n\n\n\n<p>En partenariat avec l&rsquo;association SAMYOGA, l&rsquo;IFYPACA recevra Martyn Neal, formateur IFY.<\/p>\n\n\n\n<p class=\"has-couleur-2-color has-bg-2-background-color has-text-color has-background\"><strong>Du 9 au 12 mai 2024<\/strong> : S\u00e9minaire IFY &#8211; BARGEMON (83) <\/p>\n\n\n\n<p>S\u00e9minaire de suivi de formation pour les professeures et professeurs qui ont valid\u00e9 leur dipl\u00f4me depuis 5 ans. Renseignements et inscriptions aupr\u00e8s de : <a href=\"mailto:administration@ify.fr\" target=\"_blank\" rel=\"noreferrer noopener\">administration@ify.fr<\/a><\/p>\n\n\n\n<p class=\"has-couleur-2-color has-bg-2-background-color has-text-color has-background\"> <strong>Vendredi 21 juin 2024<\/strong> : Journ\u00e9e Internationale du Yoga &#8211; ANTIBES (06) &#8211; Plage du Ponteil<\/p>\n\n\n\n<p>Comme chaque ann\u00e9e depuis maintenant 5 ans, nous vous proposerons une s\u00e9ance au lever du soleil. Sous r\u00e9serve de l&rsquo;autorisation de la mairie et de la pr\u00e9fecture.<\/p>\n\n\n\n<h2 class=\"has-couleur-2-color has-bg-3-background-color has-text-color has-background\" id=\"une-annee-sous-le-signe-de-la-relation\">Une ann\u00e9e sous le signe de la RELATION<\/h2>\n\n\n\n<p>Le th\u00e8me de l&rsquo;ann\u00e9e retenu est : la <strong>RELATION<\/strong>, \u00e0 l&rsquo;autre, aux autres, au monde, et aussi la relation \u00e0 soi. Le yoga appelle cela <em>yama <\/em>(relation \u00e0 l&rsquo;autre), <em>niyama <\/em>(relation \u00e0 soi). Dans le <em>Yogas\u016btra<\/em> sont ainsi \u00e9num\u00e9r\u00e9es des qualit\u00e9s dans lesquelles nous sommes invit\u00e9s \u00e0 progresser pour une plus grande clart\u00e9 int\u00e9rieure et des relations apais\u00e9es. Il ne s&rsquo;agit pas de r\u00e8gles morales cens\u00e9es normer nos comportements et impos\u00e9es de l&rsquo;ext\u00e9rieur, mais de qualit\u00e9s \u00e0 cultiver pour diminuer les conflits (int\u00e9rieurs et ext\u00e9rieurs), trouver une joie de vivre au quotidien, progresser dans la voie du Yoga.<\/p>\n","protected":false},"excerpt":{"rendered":"<p>C&rsquo;est le moment de sortir les agendas ! Voici les dates des \u00e9v\u00e9nements de l&rsquo;ann\u00e9e qui d\u00e9bute. Les dates Dimanche [&hellip;]<\/p>\n","protected":false},"featured_media":533,"menu_order":0,"template":"","meta":[],"actualite-categorie":[8],"acf":[],"_links":{"self":[{"href":"https:\/\/www.ify.fr\/paca\/wp-json\/wp\/v2\/actualite\/531"}],"collection":[{"href":"https:\/\/www.ify.fr\/paca\/wp-json\/wp\/v2\/actualite"}],"about":[{"href":"https:\/\/www.ify.fr\/paca\/wp-json\/wp\/v2\/types\/actualite"}],"version-history":[{"count":6,"href":"https:\/\/www.ify.fr\/paca\/wp-json\/wp\/v2\/actualite\/531\/revisions"}],"predecessor-version":[{"id":635,"href":"https:\/\/www.ify.fr\/paca\/wp-json\/wp\/v2\/actualite\/531\/revisions\/635"}],"wp:featuredmedia":[{"embeddable":true,"href":"https:\/\/www.ify.fr\/paca\/wp-json\/wp\/v2\/media\/533"}],"wp:attachment":[{"href":"https:\/\/www.ify.fr\/paca\/wp-json\/wp\/v2\/media?parent=531"}],"wp:term":[{"taxonomy":"actualite-categorie","embeddable":true,"href":"https:\/\/www.ify.fr\/paca\/wp-json\/wp\/v2\/actualite-categorie?post=531"}],"curies":[{"name":"wp","href":"https:\/\/api.w.org\/{rel}","templated":true}]}}