{"id":518,"date":"2023-06-23T16:26:43","date_gmt":"2023-06-23T14:26:43","guid":{"rendered":"https:\/\/www.ify.fr\/paca\/?post_type=actualite&#038;p=518"},"modified":"2023-06-23T16:35:35","modified_gmt":"2023-06-23T14:35:35","slug":"une-pratique-pour-demarrer-lete","status":"publish","type":"actualite","link":"https:\/\/www.ify.fr\/paca\/actualite\/une-pratique-pour-demarrer-lete\/","title":{"rendered":"Une pratique pour d\u00e9marrer l&rsquo;\u00e9t\u00e9"},"content":{"rendered":"\n<p>Nathalie Moulis nous autorise g\u00e9n\u00e9reusement \u00e0 publier la pratique qu&rsquo;elle a propos\u00e9e aux personnes motiv\u00e9es qui sont venues le mercredi 21 juin 2023 sur la plage du Ponteil \u00e0 Antibes, pour c\u00e9l\u00e9brer le yoga \u00e0 l&rsquo;occasion du solstice d&rsquo;\u00e9t\u00e9.<\/p>\n\n\n\n<h2 id=\"de-la-conscience-de-soi-a-la-conscience-du-soi\">De la conscience de soi \u00e0 la conscience du Soi<\/h2>\n\n\n\n<p>Tel \u00e9tait le th\u00e8me de cette s\u00e9ance exceptionnelle, qui s&rsquo;est termin\u00e9e par une m\u00e9ditation :<br>\u00abJe suis dans ce corps, mais je ne suis pas ce corps.<br>Je suis anim\u00e9.e par le souffle, mais je ne suis pas ce souffle.<br>Je per\u00e7ois tout ceci avec mon mental, mais je ne suis pas ce mental.<br>Je pressens plus de profondeur en moi, une part plus intuitive, mais je ne suis pas cela.<br>Je vis une harmonie int\u00e9rieure, mais je ne suis m\u00eame pas cela.<br>Je suis encore plus \u00e0 l&rsquo;int\u00e9rieur, au fond du c\u0153ur. Dans cet \u00e9crin du c\u0153ur, resplendit l&rsquo;\u00catre essentiel, le Soi&#8230;\u00bb<\/p>\n\n\n\n<figure class=\"wp-block-image size-large is-resized\"><img loading=\"lazy\" src=\"https:\/\/www.ify.fr\/paca\/wp-content\/uploads\/sites\/8\/2023\/06\/IMG_20230621_064847-copie-1024x461.jpg\" alt=\"\" class=\"wp-image-522\" width=\"963\" height=\"433\" srcset=\"https:\/\/www.ify.fr\/paca\/wp-content\/uploads\/sites\/8\/2023\/06\/IMG_20230621_064847-copie-1024x461.jpg 1024w, https:\/\/www.ify.fr\/paca\/wp-content\/uploads\/sites\/8\/2023\/06\/IMG_20230621_064847-copie-300x135.jpg 300w, https:\/\/www.ify.fr\/paca\/wp-content\/uploads\/sites\/8\/2023\/06\/IMG_20230621_064847-copie-768x346.jpg 768w, https:\/\/www.ify.fr\/paca\/wp-content\/uploads\/sites\/8\/2023\/06\/IMG_20230621_064847-copie-1320x594.jpg 1320w, https:\/\/www.ify.fr\/paca\/wp-content\/uploads\/sites\/8\/2023\/06\/IMG_20230621_064847-copie.jpg 1400w\" sizes=\"(max-width: 963px) 100vw, 963px\" \/><figcaption>Photo Georges De Martino<\/figcaption><\/figure>\n\n\n\n<p class=\"has-couleur-2-color has-bg-3-background-color has-text-color has-background\">Pour acc\u00e9der \u00e0 la pratique, cliquez <strong><span style=\"text-decoration: underline\"><a href=\"https:\/\/www.ify.fr\/paca\/21-juin-2023-pratique-plage-du-ponteil\/\" data-type=\"URL\" data-id=\"https:\/\/www.ify.fr\/paca\/21-juin-2023-pratique-plage-du-ponteil\/\" target=\"_blank\" rel=\"noreferrer noopener\">ici<\/a><\/span><\/strong>.<\/p>\n","protected":false},"excerpt":{"rendered":"<p>Nathalie Moulis nous autorise g\u00e9n\u00e9reusement \u00e0 publier la pratique qu&rsquo;elle a propos\u00e9e aux personnes motiv\u00e9es qui sont venues le mercredi [&hellip;]<\/p>\n","protected":false},"featured_media":521,"menu_order":0,"template":"","meta":[],"actualite-categorie":[11],"acf":[],"_links":{"self":[{"href":"https:\/\/www.ify.fr\/paca\/wp-json\/wp\/v2\/actualite\/518"}],"collection":[{"href":"https:\/\/www.ify.fr\/paca\/wp-json\/wp\/v2\/actualite"}],"about":[{"href":"https:\/\/www.ify.fr\/paca\/wp-json\/wp\/v2\/types\/actualite"}],"version-history":[{"count":6,"href":"https:\/\/www.ify.fr\/paca\/wp-json\/wp\/v2\/actualite\/518\/revisions"}],"predecessor-version":[{"id":529,"href":"https:\/\/www.ify.fr\/paca\/wp-json\/wp\/v2\/actualite\/518\/revisions\/529"}],"wp:featuredmedia":[{"embeddable":true,"href":"https:\/\/www.ify.fr\/paca\/wp-json\/wp\/v2\/media\/521"}],"wp:attachment":[{"href":"https:\/\/www.ify.fr\/paca\/wp-json\/wp\/v2\/media?parent=518"}],"wp:term":[{"taxonomy":"actualite-categorie","embeddable":true,"href":"https:\/\/www.ify.fr\/paca\/wp-json\/wp\/v2\/actualite-categorie?post=518"}],"curies":[{"name":"wp","href":"https:\/\/api.w.org\/{rel}","templated":true}]}}