{"id":256,"date":"2022-09-13T16:50:07","date_gmt":"2022-09-13T14:50:07","guid":{"rendered":"https:\/\/www.ify.fr\/paca\/?post_type=actualite&#038;p=256"},"modified":"2022-10-15T15:39:43","modified_gmt":"2022-10-15T13:39:43","slug":"seminaire-sur-les-vayu-s","status":"publish","type":"actualite","link":"https:\/\/www.ify.fr\/paca\/actualite\/seminaire-sur-les-vayu-s\/","title":{"rendered":"S\u00e9minaire sur les v\u00e2yu-s"},"content":{"rendered":"\n<p>Les&nbsp;<em>v\u0101yu-s&nbsp;<\/em>(souffle, vent, en sanskrit)&nbsp;sont les manifestations de&nbsp;<em>pr\u0101\u1e47a&nbsp;<\/em>(souffle vital) dans le corps. Ils sont charg\u00e9s de v\u00e9hiculer&nbsp;<em>pr\u0101\u1e47a&nbsp;<\/em>dans le corps et leur \u00e9quilibre, leur harmonie est gage de bonne sant\u00e9. Leur d\u00e9s\u00e9quilibre au contraire est source de dysfonctionnements et peut \u00eatre pris en charge par la yogath\u00e9rapie.<\/p>\n\n\n\n<p>Le Dr N. Chandrasekaran (Chennai, Inde du Sud) \u00e9tait de passage en France cet \u00e9t\u00e9 et s\u2019est arr\u00eat\u00e9 \u00e0 Antibes o\u00f9 il a donn\u00e9 un s\u00e9minaire sur les&nbsp;<em>v\u0101yu-s<\/em>. Nous \u00e9tions heureux \u00e0 l\u2019IFYPACA de le recevoir et de recevoir son enseignement.<\/p>\n\n\n\n<p>Retour en quelques images sur le s\u00e9minaire, \u00e0 Chateauneuf-Grasse (06).<\/p>\n\n\n\n<figure class=\"wp-block-image size-full\"><img loading=\"lazy\" width=\"979\" height=\"734\" src=\"https:\/\/www.ify.fr\/paca\/wp-content\/uploads\/sites\/8\/2022\/09\/img_2144.jpg\" alt=\"\" class=\"wp-image-257\" srcset=\"https:\/\/www.ify.fr\/paca\/wp-content\/uploads\/sites\/8\/2022\/09\/img_2144.jpg 979w, https:\/\/www.ify.fr\/paca\/wp-content\/uploads\/sites\/8\/2022\/09\/img_2144-300x225.jpg 300w, https:\/\/www.ify.fr\/paca\/wp-content\/uploads\/sites\/8\/2022\/09\/img_2144-768x576.jpg 768w\" sizes=\"(max-width: 979px) 100vw, 979px\" \/><\/figure>\n","protected":false},"excerpt":{"rendered":"<p>Les&nbsp;v\u0101yu-s&nbsp;(souffle, vent, en sanskrit)&nbsp;sont les manifestations de&nbsp;pr\u0101\u1e47a&nbsp;(souffle vital) dans le corps. Ils sont charg\u00e9s de v\u00e9hiculer&nbsp;pr\u0101\u1e47a&nbsp;dans le corps et leur [&hellip;]<\/p>\n","protected":false},"featured_media":258,"menu_order":0,"template":"","meta":[],"actualite-categorie":[12],"acf":[],"_links":{"self":[{"href":"https:\/\/www.ify.fr\/paca\/wp-json\/wp\/v2\/actualite\/256"}],"collection":[{"href":"https:\/\/www.ify.fr\/paca\/wp-json\/wp\/v2\/actualite"}],"about":[{"href":"https:\/\/www.ify.fr\/paca\/wp-json\/wp\/v2\/types\/actualite"}],"version-history":[{"count":3,"href":"https:\/\/www.ify.fr\/paca\/wp-json\/wp\/v2\/actualite\/256\/revisions"}],"predecessor-version":[{"id":305,"href":"https:\/\/www.ify.fr\/paca\/wp-json\/wp\/v2\/actualite\/256\/revisions\/305"}],"wp:featuredmedia":[{"embeddable":true,"href":"https:\/\/www.ify.fr\/paca\/wp-json\/wp\/v2\/media\/258"}],"wp:attachment":[{"href":"https:\/\/www.ify.fr\/paca\/wp-json\/wp\/v2\/media?parent=256"}],"wp:term":[{"taxonomy":"actualite-categorie","embeddable":true,"href":"https:\/\/www.ify.fr\/paca\/wp-json\/wp\/v2\/actualite-categorie?post=256"}],"curies":[{"name":"wp","href":"https:\/\/api.w.org\/{rel}","templated":true}]}}