{"id":232,"date":"2022-09-13T16:42:54","date_gmt":"2022-09-13T14:42:54","guid":{"rendered":"https:\/\/www.ify.fr\/paca\/?post_type=actualite&#038;p=232"},"modified":"2022-10-15T15:43:45","modified_gmt":"2022-10-15T13:43:45","slug":"tapas-une-proposition-de-pratique","status":"publish","type":"actualite","link":"https:\/\/www.ify.fr\/paca\/actualite\/tapas-une-proposition-de-pratique\/","title":{"rendered":"Tapas : une proposition de pratique"},"content":{"rendered":"\n<h3 id=\"une-pratique-pour-mettre-en-oeuvre-tapas-sur-tous-les-plans\">Une pratique pour mettre en \u0153uvre&nbsp;<em>tapas&nbsp;<\/em>sur tous les plans,&nbsp;par Martine Fritte, professeure et yogath\u00e9rapeute<\/h3>\n\n\n\n<p>Cette s\u00e9ance (\u00e0 t\u00e9l\u00e9charger ci-dessous) est intentionnellement courte afin que tout le monde puisse la pratiquer sans prendre trop de temps sur des journ\u00e9es d\u00e9j\u00e0 bien charg\u00e9es.&nbsp;Cette pratique ne convient pas aux personnes qui ont les \u00e9paules et la nuque sensibles.<\/p>\n\n\n\n<p><strong><u>Toutes les suspensions de souffle sont \u00e0 faire apr\u00e8s l\u2019expiration<\/u><\/strong>&nbsp;et sont modulables si elles ne vous conviennent pas.<\/p>\n\n\n\n<p>Le travail porte notamment sur la concentration :&nbsp;<strong><em>TAPAS<\/em><\/strong>&nbsp;n\u2019est pas qu\u2019une discipline corporelle qui chasse les impuret\u00e9s du corps mais un&nbsp;<strong>effort qui vise \u00e0 r\u00e9orienter le mental<\/strong>. Ce dernier a tendance \u00e0 s\u2019\u00e9parpiller, emport\u00e9 par les sollicitations ext\u00e9rieures, il se disperse, vagabonde, nous emm\u00e8ne o\u00f9 bon lui semble, souvent sans aucune logique. Reprendre la main sur notre mental, c\u2019est&nbsp;<strong><em>TAPAS<\/em><\/strong>, observer o\u00f9 il nous conduit et le ramener sur&nbsp;<strong>une<\/strong>&nbsp;attitude, sur&nbsp;<strong>une<\/strong>&nbsp;action,&nbsp;<strong>une<\/strong>&nbsp;motivation, nous avons le choix, en tout cas sur&nbsp;<strong>une<\/strong>&nbsp;seule chose \u00e0 la fois pour \u00eatre dans l\u2019ici et maintenant plut\u00f4t qu\u2019errer vers des chim\u00e8res qui n\u2019ont aucune r\u00e9alit\u00e9.&nbsp;<em><strong>TAPAS<\/strong><\/em>&nbsp;c\u2019est aller vers&nbsp;<strong>L\u2019UNIT\u00c9,&nbsp;<\/strong>la s\u00e9r\u00e9nit\u00e9<strong>.<\/strong><\/p>\n\n\n\n<p>Bonne pratique&nbsp;(en restant \u00e0 l\u2019\u00e9coute et sans forcer) !<\/p>\n\n\n\n<div class=\"wp-container-69f28edc5585a wp-block-buttons\">\n<div class=\"wp-block-button\"><a class=\"wp-block-button__link\" href=\"https:\/\/www.ify.fr\/paca\/wp-content\/uploads\/sites\/8\/2022\/09\/6_infolettre_ifypaca_pratique_tapas.pdf\" target=\"_blank\" rel=\"noreferrer noopener\">T\u00e9l\u00e9chargez le pdf<\/a><\/div>\n<\/div>\n","protected":false},"excerpt":{"rendered":"<p>Une pratique pour mettre en \u0153uvre&nbsp;tapas&nbsp;sur tous les plans,&nbsp;par Martine Fritte, professeure et yogath\u00e9rapeute Cette s\u00e9ance (\u00e0 t\u00e9l\u00e9charger ci-dessous) est [&hellip;]<\/p>\n","protected":false},"featured_media":102,"menu_order":0,"template":"","meta":[],"actualite-categorie":[11],"acf":[],"_links":{"self":[{"href":"https:\/\/www.ify.fr\/paca\/wp-json\/wp\/v2\/actualite\/232"}],"collection":[{"href":"https:\/\/www.ify.fr\/paca\/wp-json\/wp\/v2\/actualite"}],"about":[{"href":"https:\/\/www.ify.fr\/paca\/wp-json\/wp\/v2\/types\/actualite"}],"version-history":[{"count":3,"href":"https:\/\/www.ify.fr\/paca\/wp-json\/wp\/v2\/actualite\/232\/revisions"}],"predecessor-version":[{"id":308,"href":"https:\/\/www.ify.fr\/paca\/wp-json\/wp\/v2\/actualite\/232\/revisions\/308"}],"wp:featuredmedia":[{"embeddable":true,"href":"https:\/\/www.ify.fr\/paca\/wp-json\/wp\/v2\/media\/102"}],"wp:attachment":[{"href":"https:\/\/www.ify.fr\/paca\/wp-json\/wp\/v2\/media?parent=232"}],"wp:term":[{"taxonomy":"actualite-categorie","embeddable":true,"href":"https:\/\/www.ify.fr\/paca\/wp-json\/wp\/v2\/actualite-categorie?post=232"}],"curies":[{"name":"wp","href":"https:\/\/api.w.org\/{rel}","templated":true}]}}