{"id":222,"date":"2022-09-13T16:39:08","date_gmt":"2022-09-13T14:39:08","guid":{"rendered":"https:\/\/www.ify.fr\/paca\/?post_type=actualite&#038;p=222"},"modified":"2022-09-20T14:39:55","modified_gmt":"2022-09-20T12:39:55","slug":"journee-des-adherents-2022","status":"publish","type":"actualite","link":"https:\/\/www.ify.fr\/paca\/actualite\/journee-des-adherents-2022\/","title":{"rendered":"Journ\u00e9e des adh\u00e9rents 2022"},"content":{"rendered":"\n<h2 id=\"retour-en-images-sur-la-journee-des-adherents\">Retour en images sur la Journ\u00e9e des adh\u00e9rents consacr\u00e9e \u00e0\u00a0<em>tapas<\/em><\/h2>\n\n\n\n<p>Dans le yoga,&nbsp;<em>tapas&nbsp;<\/em>d\u00e9signe&nbsp;la&nbsp;<strong>discipline personnelle<\/strong>&nbsp;(celle qui nous pousse sur le tapis, par exemple !), l\u2019ardeur \u00e0 faire les choses, le fait de se confronter au r\u00e9el parfois un peu rugueux, et ce contact \u00ab \u00e9chauffe \u00bb (<em>tapas&nbsp;<\/em>vient de&nbsp;<em>tap<\/em>&nbsp;qui veut dire \u00ab chauffer \u00bb). Mais&nbsp;<em>tapas&nbsp;<\/em>d\u00e9signe aussi la r\u00e9orientation de notre mental vers plus d\u2019attention, plus de concentration, ce qui demande de vrais efforts !&nbsp;<br>Les infolettres de janvier et mars, ainsi que celle qui para\u00eetra en mai, y sont consacr\u00e9es : pour les lire, rendez-vous&nbsp;<a href=\"https:\/\/www.ifypaca.fr\/archives-newsletter\/\">dans les \u00ab archives infolettres \u00bb sur le site<\/a>.<\/p>\n\n\n\n<p>Voici quelques photos de la journ\u00e9e :<\/p>\n\n\n\n<figure class=\"wp-block-gallery has-nested-images columns-5 is-cropped\">\n<figure class=\"wp-block-image size-large\"><img loading=\"lazy\" width=\"400\" height=\"250\" data-id=\"223\"  src=\"https:\/\/www.ify.fr\/paca\/wp-content\/uploads\/sites\/8\/2022\/09\/3e572947-c153-407e-b320-d3e360c0edef-400x250-1.jpg\" alt=\"\" class=\"wp-image-223\" srcset=\"https:\/\/www.ify.fr\/paca\/wp-content\/uploads\/sites\/8\/2022\/09\/3e572947-c153-407e-b320-d3e360c0edef-400x250-1.jpg 400w, https:\/\/www.ify.fr\/paca\/wp-content\/uploads\/sites\/8\/2022\/09\/3e572947-c153-407e-b320-d3e360c0edef-400x250-1-300x188.jpg 300w\" sizes=\"(max-width: 400px) 100vw, 400px\" \/><\/figure>\n\n\n\n<figure class=\"wp-block-image size-large\"><img loading=\"lazy\" width=\"400\" height=\"250\" data-id=\"226\"  src=\"https:\/\/www.ify.fr\/paca\/wp-content\/uploads\/sites\/8\/2022\/09\/a55ab77d-1967-4b00-9033-db5944e99236-400x250-1.jpg\" alt=\"\" class=\"wp-image-226\" srcset=\"https:\/\/www.ify.fr\/paca\/wp-content\/uploads\/sites\/8\/2022\/09\/a55ab77d-1967-4b00-9033-db5944e99236-400x250-1.jpg 400w, https:\/\/www.ify.fr\/paca\/wp-content\/uploads\/sites\/8\/2022\/09\/a55ab77d-1967-4b00-9033-db5944e99236-400x250-1-300x188.jpg 300w\" sizes=\"(max-width: 400px) 100vw, 400px\" \/><\/figure>\n\n\n\n<figure class=\"wp-block-image size-large\"><img loading=\"lazy\" width=\"400\" height=\"250\" data-id=\"225\"  src=\"https:\/\/www.ify.fr\/paca\/wp-content\/uploads\/sites\/8\/2022\/09\/c7fdb1e2-4842-48c5-a7c2-89dc45150a1b-400x250-1.jpg\" alt=\"\" class=\"wp-image-225\" srcset=\"https:\/\/www.ify.fr\/paca\/wp-content\/uploads\/sites\/8\/2022\/09\/c7fdb1e2-4842-48c5-a7c2-89dc45150a1b-400x250-1.jpg 400w, https:\/\/www.ify.fr\/paca\/wp-content\/uploads\/sites\/8\/2022\/09\/c7fdb1e2-4842-48c5-a7c2-89dc45150a1b-400x250-1-300x188.jpg 300w\" sizes=\"(max-width: 400px) 100vw, 400px\" \/><\/figure>\n\n\n\n<figure class=\"wp-block-image size-large\"><img loading=\"lazy\" width=\"400\" height=\"250\" data-id=\"224\"  src=\"https:\/\/www.ify.fr\/paca\/wp-content\/uploads\/sites\/8\/2022\/09\/c717b2db-a443-4e8b-a930-8f3174fd6aa8-400x250-1.jpg\" alt=\"\" class=\"wp-image-224\" srcset=\"https:\/\/www.ify.fr\/paca\/wp-content\/uploads\/sites\/8\/2022\/09\/c717b2db-a443-4e8b-a930-8f3174fd6aa8-400x250-1.jpg 400w, https:\/\/www.ify.fr\/paca\/wp-content\/uploads\/sites\/8\/2022\/09\/c717b2db-a443-4e8b-a930-8f3174fd6aa8-400x250-1-300x188.jpg 300w\" sizes=\"(max-width: 400px) 100vw, 400px\" \/><\/figure>\n\n\n\n<figure class=\"wp-block-image size-large\"><img loading=\"lazy\" width=\"400\" height=\"250\" data-id=\"227\"  src=\"https:\/\/www.ify.fr\/paca\/wp-content\/uploads\/sites\/8\/2022\/09\/dfd5dffc-cfb1-4ed4-80f4-e6d31a125e92-400x250-1.jpg\" alt=\"\" class=\"wp-image-227\" srcset=\"https:\/\/www.ify.fr\/paca\/wp-content\/uploads\/sites\/8\/2022\/09\/dfd5dffc-cfb1-4ed4-80f4-e6d31a125e92-400x250-1.jpg 400w, https:\/\/www.ify.fr\/paca\/wp-content\/uploads\/sites\/8\/2022\/09\/dfd5dffc-cfb1-4ed4-80f4-e6d31a125e92-400x250-1-300x188.jpg 300w\" sizes=\"(max-width: 400px) 100vw, 400px\" \/><\/figure>\n<\/figure>\n","protected":false},"excerpt":{"rendered":"<p>Retour en images sur la Journ\u00e9e des adh\u00e9rents consacr\u00e9e \u00e0\u00a0tapas Dans le yoga,&nbsp;tapas&nbsp;d\u00e9signe&nbsp;la&nbsp;discipline personnelle&nbsp;(celle qui nous pousse sur le tapis, [&hellip;]<\/p>\n","protected":false},"featured_media":224,"menu_order":0,"template":"","meta":[],"actualite-categorie":[8],"acf":[],"_links":{"self":[{"href":"https:\/\/www.ify.fr\/paca\/wp-json\/wp\/v2\/actualite\/222"}],"collection":[{"href":"https:\/\/www.ify.fr\/paca\/wp-json\/wp\/v2\/actualite"}],"about":[{"href":"https:\/\/www.ify.fr\/paca\/wp-json\/wp\/v2\/types\/actualite"}],"version-history":[{"count":2,"href":"https:\/\/www.ify.fr\/paca\/wp-json\/wp\/v2\/actualite\/222\/revisions"}],"predecessor-version":[{"id":277,"href":"https:\/\/www.ify.fr\/paca\/wp-json\/wp\/v2\/actualite\/222\/revisions\/277"}],"wp:featuredmedia":[{"embeddable":true,"href":"https:\/\/www.ify.fr\/paca\/wp-json\/wp\/v2\/media\/224"}],"wp:attachment":[{"href":"https:\/\/www.ify.fr\/paca\/wp-json\/wp\/v2\/media?parent=222"}],"wp:term":[{"taxonomy":"actualite-categorie","embeddable":true,"href":"https:\/\/www.ify.fr\/paca\/wp-json\/wp\/v2\/actualite-categorie?post=222"}],"curies":[{"name":"wp","href":"https:\/\/api.w.org\/{rel}","templated":true}]}}