{"id":217,"date":"2022-09-13T16:36:39","date_gmt":"2022-09-13T14:36:39","guid":{"rendered":"https:\/\/www.ify.fr\/paca\/?post_type=actualite&#038;p=217"},"modified":"2022-10-15T15:52:36","modified_gmt":"2022-10-15T13:52:36","slug":"la-place-de-tapas-dans-le-yoga-des-8-membres","status":"publish","type":"actualite","link":"https:\/\/www.ify.fr\/paca\/actualite\/la-place-de-tapas-dans-le-yoga-des-8-membres\/","title":{"rendered":"La place de tapas dans le yoga des 8 membres"},"content":{"rendered":"\n<h3 id=\"une-reflexion-sur-tapas-dans-le-yoga-des-huit-membres\">Une r\u00e9flexion sur&nbsp;<em>tapas<\/em>&nbsp;dans le&nbsp;\u00ab&nbsp;yoga des huit membres&nbsp;\u00bb<\/h3>\n\n\n\n<h3 id=\"par-olivier-castor-professeur-et-yogatherapeute\">par Olivier Castor, professeur et yogath\u00e9rapeute<\/h3>\n\n\n\n<p>Dans l\u2019article pr\u00e9c\u00e9dent (voir infolettre n\u00b05, janvier 2022), \u00e9tait soulign\u00e9e l\u2019importance de&nbsp;<strong>prendre soin de son feu<\/strong>&nbsp;et \u00e9voqu\u00e9 le fait que dans le second chapitre des&nbsp;<em>yoga s\u016btra<\/em>, Pata\u00f1jali parlait \u00e0 plusieurs reprises de&nbsp;<strong>l\u2019asc\u00e8se ou discipline&nbsp;<em>tapas<\/em><\/strong>, qu\u2019il utilise pour exprimer la pratique ardente ayant comme objectif de produire de la chaleur dans le but de purifier.<\/p>\n\n\n\n<p>La notion de&nbsp;<em>tapas<\/em>&nbsp;est \u00e9voqu\u00e9e d\u00e8s le premier aphorisme du second chapitre dans le contexte du&nbsp;<strong>yoga de l\u2019action<\/strong>. Plus loin, elle est de nouveau \u00e9voqu\u00e9e comme l\u2019un des&nbsp;<strong>principes de discipline individuelle<\/strong>(<em>niyama<\/em>) dans le contexte du&nbsp;<strong>yoga des huit membres&nbsp;<\/strong><em>(a\u1e63\u1e6da\u1e45ga yoga)<\/em>. Ici, Pata\u00f1jali propose des outils concrets et pr\u00e9cis pour aller vers l\u2019\u00e9tat de yoga qui est destin\u00e9 \u00e0 diriger le mental et le garder orient\u00e9 dans une direction choisie.<\/p>\n\n\n\n<p>\u00c0 l\u2019aphorisme II-28, Pata\u00f1jali annonce sa&nbsp;<strong>m\u00e9thode<\/strong>&nbsp;en indiquant qu\u2019au fur et \u00e0 mesure que l\u2019on met en place le yoga des huit membres (<em>yog\u0101\u1e45g\u0101nu\u1e63\u1e6dh\u0101n\u0101t<\/em>), se produisent&nbsp;:<\/p>\n\n\n\n<ol><li>Une&nbsp;<strong>r\u00e9duction des facteurs de souffrance<\/strong>&nbsp;(<em>a\u015buddhik\u1e63aye<\/em>)<\/li><li>L\u2019<strong>obtention<\/strong>&nbsp;<strong>d\u2019informations \u00e9clairantes<\/strong>&nbsp;(<em>j\u00f1\u0101nad\u012bptih<\/em>)<\/li><li>Un&nbsp;<strong>d\u00e9veloppement croissant de la clart\u00e9<\/strong>&nbsp;(<em>viveka khy\u0101te\u1e25<\/em>)<\/li><\/ol>\n\n\n\n<p>Le second membre relatif aux principes de discipline individuelle (<em>niyama<\/em>) est compos\u00e9 de cinq \u00e9l\u00e9ments, dont&nbsp;<em>tapas<\/em>&nbsp;que l\u2019on retrouve \u00e0 l\u2019aphorisme II-43.<\/p>\n\n\n\n<p>Dans cet aphorisme, Pata\u00f1jali indique que&nbsp;<em>tapas<\/em>&nbsp;consiste \u00e0&nbsp;<strong>s\u2019occuper de sa sant\u00e9 corporelle<\/strong>&nbsp;(physique, psychique et \u00e9motionnelle) par le&nbsp;<strong>d\u00e9sencrassement&nbsp;<\/strong>(<em>a\u015buddhik\u1e63ay\u0101t<\/em>). Ainsi, notre corps (<em>k<\/em><em>\u0101<\/em><em>ya<\/em>) et nos sens (<em>indriya<\/em>) vont nous permettre de faire au mieux ce que nous avons \u00e0 faire dans la vie (<em>siddhi\u1e25<\/em>).<\/p>\n\n\n\n<p>Dans notre quotidien, nous r\u00e9alisons naturellement des actions sur des biens mat\u00e9riels qui consistent \u00e0 les d\u00e9sencrasser pour optimiser leurs usages, comme remplacer le sac rempli de poussi\u00e8res de l\u2019aspirateur ou nettoyer le filtre \u00e0 sable colmat\u00e9 de sa piscine.&nbsp;<strong>Mais prenons-nous le temps de nous d\u00e9sencrasser pour optimiser notre corps et nos sens&nbsp;?<\/strong><\/p>\n\n\n\n<p>\u00c0 notre \u00e9poque, la domotique prend de plus en plus de place dans nos foyers. Elle permet de r\u00e9guler la temp\u00e9rature et le traitement d\u2019air par rapport aux temp\u00e9ratures ext\u00e9rieures et ainsi d\u2019optimiser l\u2019usage des diff\u00e9rents \u00e9quipements install\u00e9s, pour accro\u00eetre le confort et r\u00e9duire les consommations \u00e9nerg\u00e9tiques. De plus, par temps froid cette efficience permet d\u2019\u00e9viter la condensation sur les vitres et nous pouvons ainsi admirer le paysage ext\u00e9rieur depuis un environnement douillet.<\/p>\n\n\n\n<p>\u00c0 l\u2019\u00e9poque de Pata\u00f1jali, la domotique n\u2019existait pas encore mais la fonction de&nbsp;<em>tapas<\/em>&nbsp;dans le yoga des huit membres peut \u00eatre compar\u00e9e \u00e0 ce r\u00e9gulateur qui permet d\u2019ajuster les autres membres, notamment en jouant sur la posture (<em>\u0101<\/em><em>sana<\/em>) et le contr\u00f4le du souffle (<em>pr\u0101\u1e47\u0101y\u0101ma<\/em>) afin de pr\u00e9parer le corps et le mental pour se rallier aux organes des sens (<em>praty\u0101h\u0101ra<\/em>) et aller vers les \u00e9tats de concentration (<em>dh\u0101ra\u1e47\u0101, dhy<\/em><em>\u0101<\/em><em>na et sam<\/em><em>\u0101<\/em><em>dhi<\/em>).<\/p>\n\n\n\n<p>Pour conclure, il est important de pr\u00e9ciser que le mot&nbsp;<em>\u0101nu\u1e63<\/em><em>\u1e6d<\/em><em>h\u0101n\u0101t<\/em>&nbsp;indiqu\u00e9 \u00e0 l\u2019aphorisme II-28 caract\u00e9rise le yoga des huit membres qui consiste \u00e0&nbsp;<strong>avancer et maintenir avec fermet\u00e9 notre engagement<\/strong>&nbsp;et que nous ne pouvons pas abandonner un des membres lors de l\u2019\u00e9volution.<\/p>\n\n\n\n<p>La notion de&nbsp;<em>tapas<\/em>&nbsp;dans le contexte du yoga de l\u2019action est abord\u00e9e diff\u00e9remment et sera \u00e9voqu\u00e9e dans un prochain article.<\/p>\n","protected":false},"excerpt":{"rendered":"<p>Une r\u00e9flexion sur&nbsp;tapas&nbsp;dans le&nbsp;\u00ab&nbsp;yoga des huit membres&nbsp;\u00bb par Olivier Castor, professeur et yogath\u00e9rapeute Dans l\u2019article pr\u00e9c\u00e9dent (voir infolettre n\u00b05, janvier [&hellip;]<\/p>\n","protected":false},"featured_media":311,"menu_order":0,"template":"","meta":[],"actualite-categorie":[10],"acf":[],"_links":{"self":[{"href":"https:\/\/www.ify.fr\/paca\/wp-json\/wp\/v2\/actualite\/217"}],"collection":[{"href":"https:\/\/www.ify.fr\/paca\/wp-json\/wp\/v2\/actualite"}],"about":[{"href":"https:\/\/www.ify.fr\/paca\/wp-json\/wp\/v2\/types\/actualite"}],"version-history":[{"count":3,"href":"https:\/\/www.ify.fr\/paca\/wp-json\/wp\/v2\/actualite\/217\/revisions"}],"predecessor-version":[{"id":312,"href":"https:\/\/www.ify.fr\/paca\/wp-json\/wp\/v2\/actualite\/217\/revisions\/312"}],"wp:featuredmedia":[{"embeddable":true,"href":"https:\/\/www.ify.fr\/paca\/wp-json\/wp\/v2\/media\/311"}],"wp:attachment":[{"href":"https:\/\/www.ify.fr\/paca\/wp-json\/wp\/v2\/media?parent=217"}],"wp:term":[{"taxonomy":"actualite-categorie","embeddable":true,"href":"https:\/\/www.ify.fr\/paca\/wp-json\/wp\/v2\/actualite-categorie?post=217"}],"curies":[{"name":"wp","href":"https:\/\/api.w.org\/{rel}","templated":true}]}}