{"id":207,"date":"2022-09-13T16:32:58","date_gmt":"2022-09-13T14:32:58","guid":{"rendered":"https:\/\/www.ify.fr\/paca\/?post_type=actualite&#038;p=207"},"modified":"2024-02-07T12:02:18","modified_gmt":"2024-02-07T11:02:18","slug":"vie-de-lassociation","status":"publish","type":"actualite","link":"https:\/\/www.ify.fr\/paca\/actualite\/vie-de-lassociation\/","title":{"rendered":"Vie de l\u2019association"},"content":{"rendered":"\n<h2 id=\"les-actualites-de-l-ifypaca\">Les actualit\u00e9s de l\u2019IFYPACA<\/h2>\n\n\n\n<p><strong><em>LES \u00c9V\u00c9NEMENTS \u00c0 VENIR :&nbsp;<\/em><\/strong><em><strong>\u00c0 VOS AGENDAS&nbsp;!<\/strong><\/em><\/p>\n\n\n\n<div class=\"wp-block-columns has-bg-2-background-color has-background\">\n<div class=\"wp-block-column\">\n<h3 id=\"anatomie-et-yoga-le-bassin-30-janvier-2022\"><strong><em>ANATOMIE ET YOGA&nbsp;: LE BASSIN \u2014&nbsp;<\/em><\/strong><strong><em>30 JANVIER 2022<\/em><\/strong><\/h3>\n\n\n\n<p><strong>Anne Debreilly<\/strong>&nbsp;(<em>P\u00e9dagogie en mouvement<\/em>) animera, en visioconf\u00e9rence, une journ\u00e9e d\u00e9di\u00e9e au bassin comme centre de mobilit\u00e9. Au programme&nbsp;: \u00e9l\u00e9ments d\u2019anatomie, ateliers pratiques, s\u00e9ances guid\u00e9es, exp\u00e9rimentations.&nbsp;<strong>Cette journ\u00e9e sera prise en charge par l\u2019IFY PACA et offerte \u00e0 ses adh\u00e9rents<\/strong>&nbsp;(possibilit\u00e9 d\u2019adh\u00e9rer pour y assister).<\/p>\n\n\n\n<p><strong>Inscription obligatoire avant le 20 janvier, en adressant un courriel<\/strong>&nbsp;(avec nom, pr\u00e9nom et adresse m\u00e9l) \u00e0&nbsp;:&nbsp;<a href=\"mailto:secretariat@ifypaca.fr\">secretariat@ifypaca.fr<\/a><\/p>\n\n\n\n<p>Attention, tout m\u00e9l incomplet ne pourra \u00eatre pris en compte&nbsp;!<\/p>\n<\/div>\n\n\n\n<div class=\"wp-block-column\">\n<h3 id=\"l-ayurveda-20-fevrier-2022\"><strong><em>L\u2019AYURVEDA \u2014&nbsp;<\/em><\/strong><strong><em>20 F\u00c9VRIER 2022<\/em><\/strong><\/h3>\n\n\n\n<p>Dans le prolongement de la conf\u00e9rence du 16 octobre dernier (voir ci-dessous),&nbsp;<strong>Malek Daouk<\/strong>&nbsp;proposera une journ\u00e9e enti\u00e8re d\u00e9di\u00e9e \u00e0 la notion de constitution en Ayurveda, et comment conna\u00eetre sa constitution nous permet d\u2019agir pour notre (pleine) sant\u00e9. Pour les inscriptions, plus d\u2019information prochainement.<\/p>\n<\/div>\n<\/div>\n\n\n\n<div class=\"wp-block-columns\">\n<div class=\"wp-block-column\">\n<h3 id=\"la-journee-des-adherents-20-mars-2022\"><strong><em>LA JOURN\u00c9E DES ADH\u00c9RENTS \u2014&nbsp;<\/em><\/strong><strong><em>20 MARS 2022<\/em><\/strong><\/h3>\n\n\n\n<p>Notre traditionnelle journ\u00e9e \u00e0 destination de tous nos adh\u00e9rents se d\u00e9roulera \u00e0 Antibes, \u00e0 la salle Ashtanga.&nbsp;<strong>Elle sera comme chaque ann\u00e9e offerte \u00e0 tous les adh\u00e9rents.&nbsp;<\/strong>Pour les inscriptions, plus d\u2019informations prochainement.<\/p>\n<\/div>\n\n\n\n<div class=\"wp-block-column\"><\/div>\n<\/div>\n\n\n\n<p><strong><em>LES \u00c9V\u00c9NEMENTS PASS\u00c9S<\/em><\/strong><\/p>\n\n\n\n<div class=\"wp-block-columns has-bg-2-background-color has-background\">\n<div class=\"wp-block-column\">\n<h3 id=\"conference-sur-l-ayurveda-16-octobre-2021\"><strong><em>CONF\u00c9RENCE SUR L\u2019AYURVEDA \u2014&nbsp;<\/em><\/strong><strong><em>16 OCTOBRE 2021<\/em><\/strong><\/h3>\n\n\n\n<p>Nous avons accueilli, en visio, la conf\u00e9rence de&nbsp;<strong>Malek Daouk<\/strong>. \u00c9l\u00e8ve direct de Desikachar et formateur \u00e0 l\u2019IFY, bas\u00e9 \u00e0 Lausanne et sp\u00e9cialiste de l\u2019Ayurveda, il nous a parl\u00e9 de cette m\u00e9decine traditionnelle indienne, sur le th\u00e8me de la constitution et a d\u00e9taill\u00e9 comment la connaissance de sa constitution peut aider dans la prise en charge personnelle de sa sant\u00e9.&nbsp;<strong>La journ\u00e9e a \u00e9t\u00e9 enti\u00e8rement prise en charge par l\u2019IFY PACA et offerte \u00e0 ses adh\u00e9rents<\/strong>.<\/p>\n\n\n\n<p><em>La vid\u00e9o est en acc\u00e8s restreint sur notre cha\u00eene youtube&nbsp;:&nbsp;<\/em><a href=\"https:\/\/youtu.be\/phBKeWlh6wQ\" target=\"_blank\" rel=\"noreferrer noopener\"><em>https:\/\/youtu.be\/phBKeWlh6wQ<\/em><\/a><\/p>\n<\/div>\n\n\n\n<div class=\"wp-block-column\">\n<h3 id=\"la-journee-des-professeurs-26-septembre-2021\"><strong><em>LA JOURN\u00c9E DES PROFESSEURS \u2014&nbsp;<\/em><\/strong><strong><em>26 SEPTEMBRE 2021<\/em><\/strong><\/h3>\n\n\n\n<p>Notre traditionnelle journ\u00e9e de rentr\u00e9e&nbsp;<strong>offerte aux professeurs<\/strong>&nbsp;a eu lieu au Ch\u00e2teau des Salles, \u00e0 c\u00f4t\u00e9 de Draguignan, sur le th\u00e8me \u00ab&nbsp;<strong>r\u00e9sistances et adaptations au changement<\/strong>&nbsp;\u00bb. Le temps alternant entre orages et belles \u00e9claircies, il a \u00e9t\u00e9 propice \u00e0 r\u00e9fl\u00e9chir et exp\u00e9rimenter ces deux p\u00f4les bien pr\u00e9sents dans nos vies.<\/p>\n<\/div>\n<\/div>\n\n\n\n<div class=\"wp-block-columns\">\n<div class=\"wp-block-column\">\n<h3 id=\"le-seminaire-ify-pentecote-2021\"><strong><em>LE S\u00c9MINAIRE IFY \u2013 PENTEC\u00d4TE 2021<\/em><\/strong><\/h3>\n\n\n\n<p>Nathalie Moulis et Sylvie Dalouche, toutes deux formatrices, ont anim\u00e9 le s\u00e9minaire de validation du dipl\u00f4me au Ch\u00e2teau du Reclos, \u00e0 Bargemon (83). Quelque 25 professeurs ont pu ainsi interroger leur pratique d\u2019enseignant, leurs mani\u00e8res de transmettre, mais aussi partager leurs exp\u00e9riences et \u00e9changer leurs points de vue. Ce fut un grand moment de partage et de convivialit\u00e9, auquel ont particip\u00e9 de nombreux professeurs de l\u2019IFY PACA.<\/p>\n<\/div>\n\n\n\n<div class=\"wp-block-column\">\n<h3 id=\"la-semaine-du-yoga-juin-2021\"><strong><em>LA SEMAINE DU YOGA \u2013 JUIN 2021<\/em><\/strong><\/h3>\n\n\n\n<p>Une semaine d\u00e9di\u00e9e au yoga du 19 au 26 juin&nbsp;: pendant une semaine, les professeurs se sont relay\u00e9s pour proposer chaque jour et plusieurs fois par jour des pratiques (postures, m\u00e9ditation), dans diff\u00e9rents lieux du territoire et m\u00eame en visio. Plus d\u2019une centaine de participants ont assur\u00e9 le succ\u00e8s de cette \u00e9dition in\u00e9dite&nbsp;!&nbsp;<strong>La participation \u00e9tait libre et ouverte \u00e0 tous<\/strong>.<\/p>\n<\/div>\n<\/div>\n\n\n\n<p><strong><em>CARNET PRATIQUE<\/em><\/strong><\/p>\n\n\n\n<p><strong><em>ADH\u00c9SION \u00c0 L\u2019IFYPACA<\/em><\/strong><\/p>\n\n\n\n<p>L\u2019objet de l\u2019association est de<\/p>\n\n\n\n<blockquote class=\"wp-block-quote\"><p><strong>promouvoir l\u2019\u00e9tude et la pratique du Yoga selon l\u2019esprit&nbsp;<em>viniyoga<\/em><\/strong>, qui signifie ici \u201cune application appropri\u00e9e du Yoga tenant compte du lieu, de l\u2019\u00e9poque, de la culture et des besoins individuels\u201d&nbsp;; de favoriser l\u2019approche du Yoga transmise par Sri T.&nbsp;Krishnamacharya et par Sri T.K.V.&nbsp;Desikachar \u00e0 Madras (Chennai)&nbsp;; de repr\u00e9senter les adh\u00e9rents, notamment aupr\u00e8s des pouvoirs publics&nbsp;; d\u2019organiser des activit\u00e9s de nature \u00e0 favoriser la connaissance du Yoga (conf\u00e9rences, rencontres, voyages, stages, publications, etc.)&nbsp;; d\u2019encourager les \u00e9changes et les rencontres avec des personnes ou des groupes qui pratiquent d\u2019autres formes de Yoga.<\/p><\/blockquote>\n\n\n\n<p><em>Extrait des statuts&nbsp;<\/em><em>(\u00e0 retrouver sur le site&nbsp;<\/em><a href=\"http:\/\/www.ifypaca.fr\/\"><em>www.ifypaca.fr<\/em><\/a><em>, dans l\u2019espace professeurs<\/em>).<\/p>\n\n\n\n<p><strong>Professeur, \u00e9l\u00e8ve, rejoignez-nous et soutenez l\u2019association en adh\u00e9rant&nbsp;!<\/strong><\/p>\n\n\n\n<p><strong>Pour les \u00e9l\u00e8ves<\/strong>, le bulletin d\u2019adh\u00e9sion est en ligne, directement <a href=\"https:\/\/www.ify.fr\/paca\/adherer-a-lify-paca\/\" data-type=\"page\" data-id=\"5\">accessible sur la page d\u2019accueil<\/a>&nbsp;(\u00ab&nbsp;adh\u00e9rer en ligne&nbsp;\u00bb).&nbsp;T\u00e9l\u00e9chargez le bulletin, remplissez-le et envoyez-le, accompagn\u00e9 de votre r\u00e8glement par ch\u00e8que \u00e0 l\u2019ordre de IFY PACA, \u00e0 l\u2019adresse indiqu\u00e9e sur le document.<\/p>\n\n\n\n<p><strong>Les professeurs<\/strong>&nbsp;adh\u00e8rent directement sur le site de l\u2019IFY (<a href=\"https:\/\/www.ify.fr\/\" target=\"_blank\" rel=\"noreferrer noopener\">www.ify.fr<\/a>) depuis leur espace personnel, o\u00f9 ils peuvent acc\u00e9der \u00e0 leurs informations.<\/p>\n\n\n\n<p><strong>Merci de manifester ainsi votre confiance en ce yoga que vous pratiquez et\/ou que vous enseignez&nbsp;!<\/strong><\/p>\n\n\n\n<div class=\"wp-block-columns has-bg-2-background-color has-background\">\n<div class=\"wp-block-column\">\n<h3 id=\"abonnement-a-la-lettre-d-information\"><strong><em>ABONNEMENT \u00c0 LA LETTRE D\u2019INFORMATION<\/em><\/strong><\/h3>\n\n\n\n<p>Une infolettre est envoy\u00e9e r\u00e9guli\u00e8rement \u00e0 toute personne qui en fait la demande, via le formulaire sur notre site. Dans cette lettre, vous retrouvez les actualit\u00e9s de l\u2019association, les \u00e9v\u00e9nements organis\u00e9s, des pratiques de yoga \u00e0 faire en autonomie, des r\u00e9flexions sur des sujets en lien avec le yoga, les textes philosophiques\u2026<\/p>\n<\/div>\n\n\n\n<div class=\"wp-block-column\">\n<h3 id=\"site-internet\"><strong><em>SITE INTERNET<\/em><\/strong><\/h3>\n\n\n\n<p>Vous voulez suivre l\u2019actualit\u00e9 de l\u2019association&nbsp;?<br><em>Connectez-vous \u00e0&nbsp;<\/em><a href=\"http:\/\/www.ifypaca.fr\/\"><em>http:\/\/www.ifypaca.fr<\/em><\/a><\/p>\n<\/div>\n<\/div>\n\n\n\n<p>Si vous \u00eates&nbsp;<strong>\u00e9l\u00e8ve<\/strong>, vous pourrez&nbsp;:<\/p>\n\n\n\n<ul><li>Rechercher les coordonn\u00e9es des professeurs adh\u00e9rents \u00e0 l\u2019IFYPACA&nbsp;;<\/li><li>Tout savoir sur les manifestations organis\u00e9es par l\u2019association et par les professeurs&nbsp;;<\/li><li>D\u00e9couvrir des articles en lien avec l\u2019actualit\u00e9, des pratiques et des articles de fond&nbsp;;<\/li><li>T\u00e9l\u00e9charger le bulletin d\u2019adh\u00e9sion.<\/li><\/ul>\n\n\n\n<p>Si vous \u00eates&nbsp;<strong>professeur<\/strong>, vous pourrez en plus, depuis l\u2019espace professeur (en bas de la page d\u2019accueil, acc\u00e8s par mot de passe donn\u00e9 en \u00e9crivant \u00e0&nbsp;:&nbsp;<a href=\"mailto:contact@ifypaca.fr\">contact@ifypaca.fr<\/a>)&nbsp;:<\/p>\n\n\n\n<ul><li>Consulter les documents officiels (statuts, r\u00e8glement int\u00e9rieur, charte de d\u00e9ontologie, compte rendus des CA et des AG, calendrier des s\u00e9minaires)&nbsp;;<\/li><li>Soumettre un article&nbsp;;<\/li><li>T\u00e9l\u00e9charger les documents de rentr\u00e9e (assurance, bulletins pour vos \u00e9l\u00e8ves, etc.)&nbsp;;<\/li><li>Cr\u00e9er votre fiche professeur pour vous pr\u00e9senter et publier vos lieux et horaires de cours&nbsp;;<\/li><li>Annoncer vos \u00e9v\u00e9nements, vos journ\u00e9es et stages&nbsp;;<\/li><li>Vous inscrire comme association partenaire (s\u2019adresser d\u2019abord \u00e0&nbsp;:&nbsp;<a href=\"mailto:contact@ifypaca.fr\">contact@ifypaca.fr<\/a>)&nbsp;;<\/li><\/ul>\n\n\n\n<p>Un nouveau site internet verra bient\u00f4t le jour\u2026 avec la possibilit\u00e9 d\u2019effectuer certaines d\u00e9marches en ligne et pour les professeurs, de g\u00e9rer leurs \u00e9l\u00e8ves.<\/p>\n\n\n\n<h3 id=\"notre-chaine-youtube\"><strong><em>NOTRE CHA\u00ceNE YOUTUBE<\/em><\/strong><\/h3>\n\n\n\n<p>Elle a pour vocation \u00e0 accueillir les vid\u00e9os issues des journ\u00e9es organis\u00e9es, des conf\u00e9rences\u2026 \u00e9ventuellement des pratiques.&nbsp;Les vid\u00e9os ne sont pas r\u00e9pertori\u00e9es et sont accessibles pour celles et ceux qui ont les liens.<\/p>\n\n\n\n<p><em>Abonnez-vous&nbsp;:&nbsp;<\/em><a href=\"https:\/\/www.youtube.com\/channel\/UCsZW4S_YycE3XBdW9T_NiIA\"><em>https:\/\/www.youtube.com\/channel\/UCsZW4S_YycE3XBdW9T_NiIA<\/em><\/a><\/p>\n\n\n\n<h3 id=\"faire-valider-son-diplome-dans-la-region\"><strong><em>&nbsp;<\/em><\/strong><strong><em>FAIRE VALIDER SON DIPL\u00d4ME DANS LA R\u00c9GION<\/em><\/strong><\/h3>\n\n\n\n<p>Pour les professeurs IFY, dipl\u00f4m\u00e9s depuis plus de 5 ans \u00e0 jour de leur adh\u00e9sion, l\u2019IFY PACA organise un s\u00e9minaire de validation du dipl\u00f4me, au&nbsp;<strong>Ch\u00e2teau du Reclos, \u00e0 Bargemon (dans le Var), du 3 au 6 juin 2022 (Pentec\u00f4te)<\/strong>. Les formateurs qui animeront ce s\u00e9minaire sont&nbsp;: Lina Franco, Fran\u00e7ois Lorin et Jean-Yves Deffobis. De 24 \u00e0 30 places sont disponibles.<\/p>\n\n\n\n<p>Ces s\u00e9minaires permettent un travail pratique et p\u00e9dagogique centr\u00e9 sur le yoga, une incitation \u00e0 l\u2019auto-\u00e9valuation en situation, des \u00e9changes \u00e0 partir de situations concr\u00e8tes d\u2019enseignement. Ils n\u2019ont pas pour objectif l\u2019acquisition de connaissances suppl\u00e9mentaires.&nbsp;Transmettre le yoga n\u2019est pas simple&nbsp;: le s\u00e9minaire de validation est une belle occasion de partager ses exp\u00e9riences, d\u2019\u00e9changer avec des pairs, de d\u00e9couvrir de nouvelles pistes et de sortir de ses habitudes.<\/p>\n\n\n\n<p><em>Inscriptions aupr\u00e8s de l\u2019IFY directement.\u00a0<\/em>Consultez \u00e9galement toutes les informations sur les <a href=\"https:\/\/www.ify.fr\/trouver-un-seminaire\/\">s\u00e9minaires de yoga<\/a>. <\/p>\n\n\n\n<p>Une vid\u00e9o a \u00e9t\u00e9 r\u00e9alis\u00e9e pour pr\u00e9senter les s\u00e9minaires. Elle sera prochainement diffus\u00e9e sur notre cha\u00eene.<\/p>\n\n\n\n<h2 id=\"administrer-l-association\"><strong><em>ADMINISTRER L\u2019ASSOCIATION<\/em><\/strong><\/h2>\n\n\n\n<h3>&nbsp;<\/h3>\n\n\n\n<h3 id=\"reunions-de-l-ify-paca\"><strong><em>R\u00c9UNIONS DE L\u2019IFY PACA<\/em><\/strong><\/h3>\n\n\n\n<p>Le&nbsp;<strong>Conseil d\u2019administration<\/strong>&nbsp;s\u2019est r\u00e9uni en mode hybride les 3 septembre, 22 octobre et 17 d\u00e9cembre.<\/p>\n\n\n\n<p>Au plaisir de se retrouver s\u2019est ajout\u00e9e pour certains la possibilit\u00e9 de participer en visio&nbsp;: nous avons appris \u00e0 nous adapter et ces nouvelles modalit\u00e9s ont permis aux membres \u00e9loign\u00e9s g\u00e9ographiquement du si\u00e8ge de l\u2019association, de la rejoindre&nbsp;!&nbsp;Les compte rendus des CA sont envoy\u00e9s aux professeurs, membres actifs, \u00e9l\u00e8ves en formation et sont disponibles en permanence sur le site (dans l\u2019espace r\u00e9serv\u00e9 aux professeurs).<\/p>\n\n\n\n<p>L\u2019<strong>Assembl\u00e9e G\u00e9n\u00e9rale<\/strong>&nbsp;a eu lieu lors de la Journ\u00e9e des Professeurs, \u00e0 Draguignan, le dimanche 26 septembre.&nbsp;Le CA, qui compte 15 personnes, a \u00e9t\u00e9 en partie renouvel\u00e9&nbsp;: ce fut l\u2019occasion de remercier Jo\u00eblle Sarfati, tr\u00e9sori\u00e8re depuis plusieurs ann\u00e9es (c\u2019est Pascale Suter son adjointe qui a pris la rel\u00e8ve), Laurence Janin (qui fut aussi vice-pr\u00e9sidente) et Jacqueline Milano.&nbsp;Nous accueillons&nbsp;: Hortense Giraud (Toulon) et Marie-C\u00e9cile Lafont (Antibes), professeures issues de la 3\u00e8me promotion de Nathalie Moulis, et St\u00e9phanie Lottin (Valbonne), \u00e9l\u00e8ve en formation. Merci aux premi\u00e8res et bienvenue aux secondes&nbsp;!<br>Le Conseil d\u2019administration se compose du bureau&nbsp;: Genevi\u00e8ve Salvan (pr\u00e9sidente), Martine Fritte (vice-pr\u00e9sidente), Olivier Castor (secr\u00e9taire), Sophie Boucard (secr\u00e9taire adjointe), Pascale Suter (tr\u00e9sori\u00e8re)&nbsp;; et de&nbsp;: \u00c9lisabeth Meunier, B\u00e9atrice Houal, Christine Gosseaume, Denis R\u00e9al, Georges De Martino, Claude Burford, Nathalie Moulis, Marie-C\u00e9cile Lafont, Hortense Giraud, St\u00e9phanie Lottin.<\/p>\n\n\n\n<p><strong>Le dernier conseil d\u2019administration a d\u00e9cid\u00e9 qu\u2019un effort substantiel serait fait cette ann\u00e9e pour proposer plus d\u2019\u00e9v\u00e9nements gratuits aux adh\u00e9rents (voir ci-dessus l\u2019agenda des manifestations).<\/strong><\/p>\n\n\n\n<p><em>Si vous voulez le rejoindre, rendez-vous l\u2019ann\u00e9e prochaine&nbsp;!<\/em><\/p>\n\n\n\n<div class=\"wp-block-columns has-bg-2-background-color has-background\">\n<div class=\"wp-block-column\">\n<h3 id=\"reunions-de-l-ify\"><strong><em>R\u00c9UNIONS DE L\u2019IFY<\/em><\/strong><\/h3>\n\n\n\n<p>Le&nbsp;<strong>Coll\u00e8ge des Associations<\/strong>&nbsp;comprend les treize associations r\u00e9gionales qui composent la f\u00e9d\u00e9ration IFY. Il se r\u00e9unit deux fois dans l\u2019ann\u00e9e. La derni\u00e8re r\u00e9union a eu lieu \u00e0&nbsp;<strong>Avignon, les 9 et 10 octobre 2021<\/strong>. \u00c9lisabeth Meunier et Genevi\u00e8ve Salvan y ont repr\u00e9sent\u00e9 l\u2019IFY PACA.<br>Il y a \u00e9t\u00e9 question des projets phares men\u00e9s dans chaque territoire et des \u00ab&nbsp;chantiers en construction&nbsp;\u00bb du CDA&nbsp;: l\u2019accueil des jeunes dipl\u00f4m\u00e9s, les droits d\u2019auteur, le futur site de l\u2019IFY et des associations, ainsi que le syst\u00e8me d\u2019information interne qui simplifiera la gestion\u2026 Le CDA a aussi r\u00e9fl\u00e9chi \u00e0 la mani\u00e8re de cr\u00e9er du lien \u00ab&nbsp;transversal&nbsp;\u00bb entre les associations, de mener des projets communs, de participer \u00e0 la vie de la f\u00e9d\u00e9ration. Dans un an, nous \u00e9lirons un nouveau pr\u00e9sident ou une nouvelle pr\u00e9sidente&nbsp;: qu\u2019attendons-nous, en tant qu\u2019associations, de l\u2019IFY&nbsp;? Comment travailler de concert tous ensemble, au service de quel projet et de quelle vision&nbsp;? Tout cela a \u00e9t\u00e9 largement discut\u00e9.<br>Le CDA s\u2019est dot\u00e9 depuis juin d\u2019un CE CDA (\u00ab&nbsp;comit\u00e9 ex\u00e9cutif CDA&nbsp;\u00bb), une sorte de bureau du CDA pour suivre les dossiers et permettre le lien avec les autres instances de l\u2019IFY.<\/p>\n<\/div>\n\n\n\n<div class=\"wp-block-column\">\n<h3 id=\"l-assemblee-generale-de-l-ify\"><strong><em>L\u2019ASSEMBL\u00c9E G\u00c9N\u00c9RALE DE L\u2019IFY<\/em><\/strong><\/h3>\n\n\n\n<p>Elle a eu lieu le dimanche&nbsp;<strong>28 novembre 2021 \u00e0 Paris<\/strong>. Nous \u00e9tions une petite centaine venue de toute la France pour y participer. Pour l\u2019IFY PACA, Sophie Boucard, Claude Burford, Martine Fritte et Genevi\u00e8ve Salvan \u00e9taient nos d\u00e9l\u00e9gu\u00e9es.&nbsp;Ce fut l\u2019occasion de faire le bilan des activit\u00e9s de 2020-2021, du travail des commissions, de discuter des grandes orientations. Une grande d\u00e9cision a \u00e9t\u00e9&nbsp; prise&nbsp;: la refonte du site internet et des sites \u00ab&nbsp;fr\u00e8res&nbsp;\u00bb, prise en charge par l\u2019IFY (nous allons donc avoir un site tout neuf directement reli\u00e9 \u00e0 celui de l\u2019IFY et harmonis\u00e9).<\/p>\n<\/div>\n<\/div>\n","protected":false},"excerpt":{"rendered":"<p>Les actualit\u00e9s de l\u2019IFYPACA LES \u00c9V\u00c9NEMENTS \u00c0 VENIR :&nbsp;\u00c0 VOS AGENDAS&nbsp;! ANATOMIE ET YOGA&nbsp;: LE BASSIN \u2014&nbsp;30 JANVIER 2022 Anne [&hellip;]<\/p>\n","protected":false},"featured_media":108,"menu_order":0,"template":"","meta":[],"actualite-categorie":[8],"acf":[],"_links":{"self":[{"href":"https:\/\/www.ify.fr\/paca\/wp-json\/wp\/v2\/actualite\/207"}],"collection":[{"href":"https:\/\/www.ify.fr\/paca\/wp-json\/wp\/v2\/actualite"}],"about":[{"href":"https:\/\/www.ify.fr\/paca\/wp-json\/wp\/v2\/types\/actualite"}],"version-history":[{"count":3,"href":"https:\/\/www.ify.fr\/paca\/wp-json\/wp\/v2\/actualite\/207\/revisions"}],"predecessor-version":[{"id":675,"href":"https:\/\/www.ify.fr\/paca\/wp-json\/wp\/v2\/actualite\/207\/revisions\/675"}],"wp:featuredmedia":[{"embeddable":true,"href":"https:\/\/www.ify.fr\/paca\/wp-json\/wp\/v2\/media\/108"}],"wp:attachment":[{"href":"https:\/\/www.ify.fr\/paca\/wp-json\/wp\/v2\/media?parent=207"}],"wp:term":[{"taxonomy":"actualite-categorie","embeddable":true,"href":"https:\/\/www.ify.fr\/paca\/wp-json\/wp\/v2\/actualite-categorie?post=207"}],"curies":[{"name":"wp","href":"https:\/\/api.w.org\/{rel}","templated":true}]}}