{"id":193,"date":"2022-09-13T16:22:22","date_gmt":"2022-09-13T14:22:22","guid":{"rendered":"https:\/\/www.ify.fr\/paca\/?post_type=actualite&#038;p=193"},"modified":"2022-09-20T14:40:18","modified_gmt":"2022-09-20T12:40:18","slug":"journee-des-professeurs-a-draguignan","status":"publish","type":"actualite","link":"https:\/\/www.ify.fr\/paca\/actualite\/journee-des-professeurs-a-draguignan\/","title":{"rendered":"Journ\u00e9e des Professeurs \u00e0 Draguignan"},"content":{"rendered":"\n<p>Dimanche 26 septembre, s\u2019est d\u00e9roul\u00e9e la&nbsp;<strong>Journ\u00e9e des Professeures et Professeurs<\/strong>&nbsp;de l\u2019Institut Fran\u00e7ais de Yoga PACA. Nous \u00e9tions 30 professeurs r\u00e9unis au Ch\u00e2teau des Salles \u00e0 Draguignan, pour pratiquer, \u00e9changer, r\u00e9fl\u00e9chir autour du th\u00e8me&nbsp;<strong>R\u00c9SISTANCES ET ADAPTATIONS AU CHANGEMENT<\/strong>.<\/p>\n\n\n\n<p>En tant que professeurs, nous n\u2019\u00e9tions pas simplement invit\u00e9s \u00e0 r\u00e9fl\u00e9chir \u00e0 notre capacit\u00e9 de nous adapter \u00e0 la nouveaut\u00e9, mais \u00e0 nos freins et \u00e0 nos forces face au changement permanent, celui qui se voit concr\u00e8tement et auquel il est n\u00e9cessaire de s\u2019adapter (ou pas !), mais aussi celui que l\u2019on per\u00e7oit moins directement ou plus subtilement, qui sollicite nos r\u00e9sistances plus profondes et mobilise alors toute notre attention pour nous adapter. Comment sortir de nos sch\u00e9mas de comportement en douceur et quelles transformations mettre en \u0153uvre ? En premier lieu, comment avoir conscience que nous sommes pris dans des sch\u00e9mas de comportement qui peuvent nous asservir et nous emp\u00eacher de progresser ?<br>Autour de 6\u00a0<em>s\u016btra<\/em>*\u00a0choisis dans le\u00a0<em>Yoga S\u016btra<\/em>\u00a0de Pata\u00f1jali**, les professeurs ont ainsi pu partager le sens profond de ce questionnement, d\u2019abord en petits groupes puis en grand groupe lors de la restitution.\u00a0<\/p>\n\n\n\n<div class=\"wp-block-columns\">\n<div class=\"wp-block-column\">\n<figure class=\"wp-block-image alignfull size-full\"><img loading=\"lazy\" width=\"1024\" height=\"507\" src=\"https:\/\/www.ify.fr\/paca\/wp-content\/uploads\/sites\/8\/2022\/09\/0cb3e43b-6354-4054-ab95-c974f173bcd1.jpg\" alt=\"\" class=\"wp-image-194\" srcset=\"https:\/\/www.ify.fr\/paca\/wp-content\/uploads\/sites\/8\/2022\/09\/0cb3e43b-6354-4054-ab95-c974f173bcd1.jpg 1024w, https:\/\/www.ify.fr\/paca\/wp-content\/uploads\/sites\/8\/2022\/09\/0cb3e43b-6354-4054-ab95-c974f173bcd1-300x149.jpg 300w, https:\/\/www.ify.fr\/paca\/wp-content\/uploads\/sites\/8\/2022\/09\/0cb3e43b-6354-4054-ab95-c974f173bcd1-768x380.jpg 768w\" sizes=\"(max-width: 1024px) 100vw, 1024px\" \/><\/figure>\n<\/div>\n\n\n\n<div class=\"wp-block-column\">\n<p>Les deux pratiques sur le tapis, dont la seconde a pu avoir lieu en plein air sur la pelouse devant le ch\u00e2teau, ont \u00e9t\u00e9 \u00e9galement l\u2019occasion d\u2019exp\u00e9rimenter \u00e0 la fois ce qui nous retient et ce qui nous appelle dans le changement. Finalement, au-del\u00e0 de nos r\u00e9sistances et de nos acceptations, souvent inconscientes, faisons-nous confiance \u00e0 notre facult\u00e9 d\u2019adaptation, faisons-nous confiance dans le Yoga, tel qu\u2019il nous a \u00e9t\u00e9 transmis, et faisons-nous confiance \u00e0 notre force int\u00e9rieure (<em>v\u012brya<\/em>) ?<\/p>\n\n\n\n<p>Du c\u00f4t\u00e9 de la vie de notre association, la journ\u00e9e avait d\u00e9but\u00e9 par l\u2019Assembl\u00e9e G\u00e9n\u00e9rale annuelle, au cours de laquelle nous avons renouvel\u00e9 le Conseil d\u2019Administration : Hortense, Marie-C\u00e9cile et St\u00e9phanie nous ont rejoints. Merci \u00e0 Jacqueline, Jo\u00eblle et Laurence pour leur investissement pendant toutes ces ann\u00e9es !<\/p>\n\n\n\n<p>Nous nous donnons rendez-vous l\u2019ann\u00e9e prochaine\u2026<\/p>\n\n\n\n<p>*Les&nbsp;<em>s\u016btra<\/em>&nbsp;sont de courtes phrases \u00e0 valeur d\u2019aphorismes.<br>** Le&nbsp;<em>Yoga-S\u016btra&nbsp;<\/em>est un trait\u00e9 de philosophie pratique de r\u00e9f\u00e9rence du Yoga.<\/p>\n<\/div>\n<\/div>\n","protected":false},"excerpt":{"rendered":"<p>Dimanche 26 septembre, s\u2019est d\u00e9roul\u00e9e la&nbsp;Journ\u00e9e des Professeures et Professeurs&nbsp;de l\u2019Institut Fran\u00e7ais de Yoga PACA. Nous \u00e9tions 30 professeurs r\u00e9unis [&hellip;]<\/p>\n","protected":false},"featured_media":196,"menu_order":0,"template":"","meta":[],"actualite-categorie":[8],"acf":[],"_links":{"self":[{"href":"https:\/\/www.ify.fr\/paca\/wp-json\/wp\/v2\/actualite\/193"}],"collection":[{"href":"https:\/\/www.ify.fr\/paca\/wp-json\/wp\/v2\/actualite"}],"about":[{"href":"https:\/\/www.ify.fr\/paca\/wp-json\/wp\/v2\/types\/actualite"}],"version-history":[{"count":2,"href":"https:\/\/www.ify.fr\/paca\/wp-json\/wp\/v2\/actualite\/193\/revisions"}],"predecessor-version":[{"id":283,"href":"https:\/\/www.ify.fr\/paca\/wp-json\/wp\/v2\/actualite\/193\/revisions\/283"}],"wp:featuredmedia":[{"embeddable":true,"href":"https:\/\/www.ify.fr\/paca\/wp-json\/wp\/v2\/media\/196"}],"wp:attachment":[{"href":"https:\/\/www.ify.fr\/paca\/wp-json\/wp\/v2\/media?parent=193"}],"wp:term":[{"taxonomy":"actualite-categorie","embeddable":true,"href":"https:\/\/www.ify.fr\/paca\/wp-json\/wp\/v2\/actualite-categorie?post=193"}],"curies":[{"name":"wp","href":"https:\/\/api.w.org\/{rel}","templated":true}]}}