{"id":188,"date":"2022-09-13T16:20:34","date_gmt":"2022-09-13T14:20:34","guid":{"rendered":"https:\/\/www.ify.fr\/paca\/?post_type=actualite&#038;p=188"},"modified":"2022-10-15T16:02:09","modified_gmt":"2022-10-15T14:02:09","slug":"un-nom-pour-le-yoga-de-lify","status":"publish","type":"actualite","link":"https:\/\/www.ify.fr\/paca\/actualite\/un-nom-pour-le-yoga-de-lify\/","title":{"rendered":"Un nom pour le Yoga de l\u2019IFY"},"content":{"rendered":"\n<h2 id=\"comment-denommer-le-yoga-enseigne-et-pratique-au-sein-de-l-ify-qui-est-pour-nous-simplement-du-yoga\">Comment d\u00e9nommer le yoga enseign\u00e9 et pratiqu\u00e9 au sein de l\u2019IFY, qui est pour nous\u2026 simplement du yoga ?<\/h2>\n\n\n\n<p>&nbsp;Les professeurs de l\u2019IFY sont parfois d\u00e9contenanc\u00e9s, lorsqu\u2019on leur pose la question : \u00ab Vous enseignez quel type de yoga ? \u00bb ; les pratiquants r\u00e9guliers ne le sont pas moins quand une connaissance leur demande : \u00ab Tu pratiques quel yoga ? \u00bb.&nbsp;Pour les aider \u00e0 r\u00e9pondre \u00e0 ces questions, le Coll\u00e8ge des Formateurs de l\u2019IFY a \u00e9t\u00e9 charg\u00e9 de r\u00e9fl\u00e9chir \u00e0 une d\u00e9nomination.&nbsp;Dans les ann\u00e9es 80, TKV Desikachar avait propos\u00e9 le terme&nbsp;<em>viniyoga,&nbsp;<\/em>En 2005, en raison d\u2019utilisations inappropri\u00e9es de ce terme, il a souhait\u00e9 que le mot&nbsp;<em>yoga<\/em>&nbsp;soit utilis\u00e9 seul. Mais la situation a chang\u00e9 et, dans l\u2019offre foisonnante des \u00ab yogas modernes \u00bb, il convenait de plancher sur la question et de se positionner pour r\u00e9pondre au souhait des professeurs.&nbsp;C\u2019est la formule descriptive et pr\u00e9cise de \u00ab&nbsp;<strong>Yoga de l\u2019IFY<\/strong>&nbsp;\u00bb qui a \u00e9t\u00e9 retenue.&nbsp;Ce nom pr\u00e9sente l\u2019avantage de&nbsp;rester fid\u00e8le \u00e0 la tradition et \u00e0 l\u2019esprit de la demande de TKV Desikachar \u00e9voqu\u00e9e ci-dessus et nous&nbsp;oblige \u00e0 faire conna\u00eetre le nom de l\u2019IFY.&nbsp;La formule peut \u00eatre d\u00e9pli\u00e9e par les explications suivantes :<\/p>\n\n\n\n<ul><li><strong>Le Yoga de l\u2019IFY, inspir\u00e9 de l\u2019enseignement de TKV Desikachar.<\/strong><\/li><li><strong>Un yoga respectueux de la personne qui allie posture, respiration et m\u00e9ditation.<\/strong><\/li><li><strong>Un yoga pour tous les publics gr\u00e2ce \u00e0 l\u2019adaptation cr\u00e9ative des techniques (<em>viniyoga<\/em>) et \u00e0 la progression graduelle (<em>viny\u0101sa<\/em>) dans les s\u00e9ances.<\/strong><\/li><\/ul>\n\n\n\n<p>Les professeurs peuvent utiliser ces \u00ab \u00e9l\u00e9ments de langage \u00bb \u00e0 l\u2019\u00e9crit sur leurs plaquettes ou leur site, \u00e0 l\u2019oral pour r\u00e9pondre aux questions pos\u00e9es sur leurs cours.&nbsp;L\u2019objectif est d\u2019avoir une base d\u2019expression commune qui n\u2019emp\u00eache pas des ajouts personnels.<\/p>\n\n\n\n<p>Il revient dor\u00e9navant \u00e0 chacune et chacun d\u2019entre nous de promouvoir le nom du&nbsp;<strong>Yoga de l\u2019IFY&nbsp;<\/strong>en faisant un travail p\u00e9dagogique pour que de plus en plus de personnes int\u00e9ress\u00e9es par le yoga sachent ce que le&nbsp;<strong>Yoga de l\u2019IFY<\/strong>&nbsp;repr\u00e9sente et utilisent cette appellation.<\/p>\n","protected":false},"excerpt":{"rendered":"<p>Comment d\u00e9nommer le yoga enseign\u00e9 et pratiqu\u00e9 au sein de l\u2019IFY, qui est pour nous\u2026 simplement du yoga ? &nbsp;Les [&hellip;]<\/p>\n","protected":false},"featured_media":189,"menu_order":0,"template":"","meta":[],"actualite-categorie":[8],"acf":[],"_links":{"self":[{"href":"https:\/\/www.ify.fr\/paca\/wp-json\/wp\/v2\/actualite\/188"}],"collection":[{"href":"https:\/\/www.ify.fr\/paca\/wp-json\/wp\/v2\/actualite"}],"about":[{"href":"https:\/\/www.ify.fr\/paca\/wp-json\/wp\/v2\/types\/actualite"}],"version-history":[{"count":2,"href":"https:\/\/www.ify.fr\/paca\/wp-json\/wp\/v2\/actualite\/188\/revisions"}],"predecessor-version":[{"id":285,"href":"https:\/\/www.ify.fr\/paca\/wp-json\/wp\/v2\/actualite\/188\/revisions\/285"}],"wp:featuredmedia":[{"embeddable":true,"href":"https:\/\/www.ify.fr\/paca\/wp-json\/wp\/v2\/media\/189"}],"wp:attachment":[{"href":"https:\/\/www.ify.fr\/paca\/wp-json\/wp\/v2\/media?parent=188"}],"wp:term":[{"taxonomy":"actualite-categorie","embeddable":true,"href":"https:\/\/www.ify.fr\/paca\/wp-json\/wp\/v2\/actualite-categorie?post=188"}],"curies":[{"name":"wp","href":"https:\/\/api.w.org\/{rel}","templated":true}]}}