{"id":165,"date":"2022-09-13T16:12:29","date_gmt":"2022-09-13T14:12:29","guid":{"rendered":"https:\/\/www.ify.fr\/paca\/?post_type=actualite&#038;p=165"},"modified":"2022-10-15T16:03:23","modified_gmt":"2022-10-15T14:03:23","slug":"semaine-du-yoga-un-beau-succes","status":"publish","type":"actualite","link":"https:\/\/www.ify.fr\/paca\/actualite\/semaine-du-yoga-un-beau-succes\/","title":{"rendered":"Semaine du Yoga : un beau succ\u00e8s !"},"content":{"rendered":"\n<p>Pour<strong>&nbsp;cette \u00e9dition in\u00e9dite<\/strong>&nbsp;de la&nbsp;<strong>Journ\u00e9e Internationale du Yoga<\/strong>, c\u2019est une semaine de yoga que les professeurs et professeures de l\u2019IFYPACA ont propos\u00e9 sur tout le territoire ! \u00c0 Sophia, Grasse, Antibes, Juan les Pins, Cannes, Cagnes, et m\u00eame chez soi, gr\u00e2ce aux outils num\u00e9riques, vous avez pu pratiquer les postures, respirations, relaxations, m\u00e9ditations\u2026<\/p>\n\n\n\n<p>Voici quelques photos souvenir\u2026 et des t\u00e9moignages. Merci \u00e0 toutes et tous de votre participation, et merci \u00e0 tous les professeurs qui ont propos\u00e9 des pratiques.<\/p>\n\n\n\n<p>\u00ab C\u2019\u00e9tait une super initiative !&nbsp;Apr\u00e8s 10 ans d\u2019absence, j\u2019ai retrouv\u00e9 la salle Gonelle avec des transformations b\u00e9n\u00e9fiques et un beau rideau. Un pincement au c\u0153ur de se retrouver l\u00e0.&nbsp;Et bien s\u00fbr de retrouver tous les participants&nbsp;Sur la place Bermont, avec Dominique et le chant OM \u00e0 8 h, entour\u00e9&nbsp;par l\u2019activit\u00e9 et les bruits du quotidien, exp\u00e9rience de FOI. \u00bb&nbsp;Christine<\/p>\n\n\n\n<p>\u00ab Merci \u00e0 toi, Martine, pour cette m\u00e9ditation. C\u2019\u00e9tait super, j\u2019ai beaucoup aim\u00e9. La visualisation m\u2019a apport\u00e9 autre chose, je ne connaissais que la concentration sur la respiration. J\u2019ai presque oubli\u00e9 que mon ordinateur s\u2019\u00e9tait d\u00e9connect\u00e9 ! \u00bb Ghislaine<\/p>\n\n\n\n<figure class=\"wp-block-gallery has-nested-images columns-5 is-cropped\">\n<figure class=\"wp-block-image size-large\"><img loading=\"lazy\" width=\"1024\" height=\"683\" data-id=\"166\"  src=\"https:\/\/www.ify.fr\/paca\/wp-content\/uploads\/sites\/8\/2022\/09\/21juin2021.jpg\" alt=\"\" class=\"wp-image-166\" srcset=\"https:\/\/www.ify.fr\/paca\/wp-content\/uploads\/sites\/8\/2022\/09\/21juin2021.jpg 1024w, https:\/\/www.ify.fr\/paca\/wp-content\/uploads\/sites\/8\/2022\/09\/21juin2021-300x200.jpg 300w, https:\/\/www.ify.fr\/paca\/wp-content\/uploads\/sites\/8\/2022\/09\/21juin2021-768x512.jpg 768w\" sizes=\"(max-width: 1024px) 100vw, 1024px\" \/><figcaption>Au petit matin, \u00e0 Juan les Pins<\/figcaption><\/figure>\n\n\n\n<figure class=\"wp-block-image size-large\"><img loading=\"lazy\" width=\"692\" height=\"410\" data-id=\"167\"  src=\"https:\/\/www.ify.fr\/paca\/wp-content\/uploads\/sites\/8\/2022\/09\/21juin2021meditationmartine.png\" alt=\"\" class=\"wp-image-167\" srcset=\"https:\/\/www.ify.fr\/paca\/wp-content\/uploads\/sites\/8\/2022\/09\/21juin2021meditationmartine.png 692w, https:\/\/www.ify.fr\/paca\/wp-content\/uploads\/sites\/8\/2022\/09\/21juin2021meditationmartine-300x178.png 300w\" sizes=\"(max-width: 692px) 100vw, 692px\" \/><figcaption>Initiation \u00e0 la m\u00e9ditation, gr\u00e2ce \u00e0 zoom<\/figcaption><\/figure>\n\n\n\n<figure class=\"wp-block-image size-large\"><img loading=\"lazy\" width=\"1024\" height=\"768\" data-id=\"168\"  src=\"https:\/\/www.ify.fr\/paca\/wp-content\/uploads\/sites\/8\/2022\/09\/20210623_065609-1024x768.jpg\" alt=\"\" class=\"wp-image-168\" srcset=\"https:\/\/www.ify.fr\/paca\/wp-content\/uploads\/sites\/8\/2022\/09\/20210623_065609-1024x768.jpg 1024w, https:\/\/www.ify.fr\/paca\/wp-content\/uploads\/sites\/8\/2022\/09\/20210623_065609-300x225.jpg 300w, https:\/\/www.ify.fr\/paca\/wp-content\/uploads\/sites\/8\/2022\/09\/20210623_065609-768x576.jpg 768w, https:\/\/www.ify.fr\/paca\/wp-content\/uploads\/sites\/8\/2022\/09\/20210623_065609-1536x1152.jpg 1536w, https:\/\/www.ify.fr\/paca\/wp-content\/uploads\/sites\/8\/2022\/09\/20210623_065609.jpg 1920w\" sizes=\"(max-width: 1024px) 100vw, 1024px\" \/><figcaption>Un espace am\u00e9nag\u00e9&#8230;<\/figcaption><\/figure>\n\n\n\n<figure class=\"wp-block-image size-large\"><img loading=\"lazy\" width=\"1024\" height=\"768\" data-id=\"169\"  src=\"https:\/\/www.ify.fr\/paca\/wp-content\/uploads\/sites\/8\/2022\/09\/20210623_065645-1024x768.jpg\" alt=\"\" class=\"wp-image-169\" srcset=\"https:\/\/www.ify.fr\/paca\/wp-content\/uploads\/sites\/8\/2022\/09\/20210623_065645-1024x768.jpg 1024w, https:\/\/www.ify.fr\/paca\/wp-content\/uploads\/sites\/8\/2022\/09\/20210623_065645-300x225.jpg 300w, https:\/\/www.ify.fr\/paca\/wp-content\/uploads\/sites\/8\/2022\/09\/20210623_065645-768x576.jpg 768w, https:\/\/www.ify.fr\/paca\/wp-content\/uploads\/sites\/8\/2022\/09\/20210623_065645-1536x1152.jpg 1536w, https:\/\/www.ify.fr\/paca\/wp-content\/uploads\/sites\/8\/2022\/09\/20210623_065645.jpg 1920w\" sizes=\"(max-width: 1024px) 100vw, 1024px\" \/><figcaption>Un espace prot\u00e9g\u00e9&#8230;<\/figcaption><\/figure>\n\n\n\n<figure class=\"wp-block-image size-large\"><img loading=\"lazy\" width=\"1024\" height=\"768\" data-id=\"171\"  src=\"https:\/\/www.ify.fr\/paca\/wp-content\/uploads\/sites\/8\/2022\/09\/20210623_073707-1024x768.jpg\" alt=\"\" class=\"wp-image-171\" srcset=\"https:\/\/www.ify.fr\/paca\/wp-content\/uploads\/sites\/8\/2022\/09\/20210623_073707-1024x768.jpg 1024w, https:\/\/www.ify.fr\/paca\/wp-content\/uploads\/sites\/8\/2022\/09\/20210623_073707-300x225.jpg 300w, https:\/\/www.ify.fr\/paca\/wp-content\/uploads\/sites\/8\/2022\/09\/20210623_073707-768x576.jpg 768w, https:\/\/www.ify.fr\/paca\/wp-content\/uploads\/sites\/8\/2022\/09\/20210623_073707-1536x1152.jpg 1536w, https:\/\/www.ify.fr\/paca\/wp-content\/uploads\/sites\/8\/2022\/09\/20210623_073707.jpg 1920w\" sizes=\"(max-width: 1024px) 100vw, 1024px\" \/><figcaption>Un espace confortable&#8230;<\/figcaption><\/figure>\n\n\n\n<figure class=\"wp-block-image size-large\"><img loading=\"lazy\" width=\"1024\" height=\"768\" data-id=\"170\"  src=\"https:\/\/www.ify.fr\/paca\/wp-content\/uploads\/sites\/8\/2022\/09\/20210623_073738-1024x768.jpg\" alt=\"\" class=\"wp-image-170\" srcset=\"https:\/\/www.ify.fr\/paca\/wp-content\/uploads\/sites\/8\/2022\/09\/20210623_073738-1024x768.jpg 1024w, https:\/\/www.ify.fr\/paca\/wp-content\/uploads\/sites\/8\/2022\/09\/20210623_073738-300x225.jpg 300w, https:\/\/www.ify.fr\/paca\/wp-content\/uploads\/sites\/8\/2022\/09\/20210623_073738-768x576.jpg 768w, https:\/\/www.ify.fr\/paca\/wp-content\/uploads\/sites\/8\/2022\/09\/20210623_073738-1536x1152.jpg 1536w, https:\/\/www.ify.fr\/paca\/wp-content\/uploads\/sites\/8\/2022\/09\/20210623_073738.jpg 1920w\" sizes=\"(max-width: 1024px) 100vw, 1024px\" \/><figcaption>Un espace douillet&#8230;<\/figcaption><\/figure>\n\n\n\n<figure class=\"wp-block-image size-large\"><img loading=\"lazy\" width=\"1024\" height=\"768\" data-id=\"172\"  src=\"https:\/\/www.ify.fr\/paca\/wp-content\/uploads\/sites\/8\/2022\/09\/ifypaca-21-juin-1-1024x768.jpg\" alt=\"\" class=\"wp-image-172\" srcset=\"https:\/\/www.ify.fr\/paca\/wp-content\/uploads\/sites\/8\/2022\/09\/ifypaca-21-juin-1-1024x768.jpg 1024w, https:\/\/www.ify.fr\/paca\/wp-content\/uploads\/sites\/8\/2022\/09\/ifypaca-21-juin-1-300x225.jpg 300w, https:\/\/www.ify.fr\/paca\/wp-content\/uploads\/sites\/8\/2022\/09\/ifypaca-21-juin-1-768x576.jpg 768w, https:\/\/www.ify.fr\/paca\/wp-content\/uploads\/sites\/8\/2022\/09\/ifypaca-21-juin-1-1536x1152.jpg 1536w, https:\/\/www.ify.fr\/paca\/wp-content\/uploads\/sites\/8\/2022\/09\/ifypaca-21-juin-1.jpg 1920w\" sizes=\"(max-width: 1024px) 100vw, 1024px\" \/><figcaption>Bienvenue aux s\u00e9ances matinales \u00e0 Sophia !<\/figcaption><\/figure>\n\n\n\n<figure class=\"wp-block-image size-large\"><img loading=\"lazy\" width=\"1024\" height=\"768\" data-id=\"173\"  src=\"https:\/\/www.ify.fr\/paca\/wp-content\/uploads\/sites\/8\/2022\/09\/ifypaca-21-juin-2-1024x768.jpg\" alt=\"\" class=\"wp-image-173\" srcset=\"https:\/\/www.ify.fr\/paca\/wp-content\/uploads\/sites\/8\/2022\/09\/ifypaca-21-juin-2-1024x768.jpg 1024w, https:\/\/www.ify.fr\/paca\/wp-content\/uploads\/sites\/8\/2022\/09\/ifypaca-21-juin-2-300x225.jpg 300w, https:\/\/www.ify.fr\/paca\/wp-content\/uploads\/sites\/8\/2022\/09\/ifypaca-21-juin-2-768x576.jpg 768w, https:\/\/www.ify.fr\/paca\/wp-content\/uploads\/sites\/8\/2022\/09\/ifypaca-21-juin-2-1536x1152.jpg 1536w, https:\/\/www.ify.fr\/paca\/wp-content\/uploads\/sites\/8\/2022\/09\/ifypaca-21-juin-2.jpg 1920w\" sizes=\"(max-width: 1024px) 100vw, 1024px\" \/><figcaption>Un espace d\u00e9di\u00e9 au yoga<\/figcaption><\/figure>\n\n\n\n<figure class=\"wp-block-image size-large\"><img loading=\"lazy\" width=\"1024\" height=\"768\" data-id=\"174\"  src=\"https:\/\/www.ify.fr\/paca\/wp-content\/uploads\/sites\/8\/2022\/09\/ifypaca-21-juin-3-1024x768.jpg\" alt=\"\" class=\"wp-image-174\" srcset=\"https:\/\/www.ify.fr\/paca\/wp-content\/uploads\/sites\/8\/2022\/09\/ifypaca-21-juin-3-1024x768.jpg 1024w, https:\/\/www.ify.fr\/paca\/wp-content\/uploads\/sites\/8\/2022\/09\/ifypaca-21-juin-3-300x225.jpg 300w, https:\/\/www.ify.fr\/paca\/wp-content\/uploads\/sites\/8\/2022\/09\/ifypaca-21-juin-3-768x576.jpg 768w, https:\/\/www.ify.fr\/paca\/wp-content\/uploads\/sites\/8\/2022\/09\/ifypaca-21-juin-3-1536x1152.jpg 1536w, https:\/\/www.ify.fr\/paca\/wp-content\/uploads\/sites\/8\/2022\/09\/ifypaca-21-juin-3.jpg 1920w\" sizes=\"(max-width: 1024px) 100vw, 1024px\" \/><figcaption>En position assise&#8230;<\/figcaption><\/figure>\n<\/figure>\n\n\n\n<p><\/p>\n","protected":false},"excerpt":{"rendered":"<p>Pour&nbsp;cette \u00e9dition in\u00e9dite&nbsp;de la&nbsp;Journ\u00e9e Internationale du Yoga, c\u2019est une semaine de yoga que les professeurs et professeures de l\u2019IFYPACA ont [&hellip;]<\/p>\n","protected":false},"featured_media":166,"menu_order":0,"template":"","meta":[],"actualite-categorie":[8],"acf":[],"_links":{"self":[{"href":"https:\/\/www.ify.fr\/paca\/wp-json\/wp\/v2\/actualite\/165"}],"collection":[{"href":"https:\/\/www.ify.fr\/paca\/wp-json\/wp\/v2\/actualite"}],"about":[{"href":"https:\/\/www.ify.fr\/paca\/wp-json\/wp\/v2\/types\/actualite"}],"version-history":[{"count":3,"href":"https:\/\/www.ify.fr\/paca\/wp-json\/wp\/v2\/actualite\/165\/revisions"}],"predecessor-version":[{"id":317,"href":"https:\/\/www.ify.fr\/paca\/wp-json\/wp\/v2\/actualite\/165\/revisions\/317"}],"wp:featuredmedia":[{"embeddable":true,"href":"https:\/\/www.ify.fr\/paca\/wp-json\/wp\/v2\/media\/166"}],"wp:attachment":[{"href":"https:\/\/www.ify.fr\/paca\/wp-json\/wp\/v2\/media?parent=165"}],"wp:term":[{"taxonomy":"actualite-categorie","embeddable":true,"href":"https:\/\/www.ify.fr\/paca\/wp-json\/wp\/v2\/actualite-categorie?post=165"}],"curies":[{"name":"wp","href":"https:\/\/api.w.org\/{rel}","templated":true}]}}