{"id":162,"date":"2022-09-13T16:08:49","date_gmt":"2022-09-13T14:08:49","guid":{"rendered":"https:\/\/www.ify.fr\/paca\/?post_type=actualite&#038;p=162"},"modified":"2022-09-13T16:53:25","modified_gmt":"2022-09-13T14:53:25","slug":"zoom-sur-le-protocole-de-lile-de-re","status":"publish","type":"actualite","link":"https:\/\/www.ify.fr\/paca\/actualite\/zoom-sur-le-protocole-de-lile-de-re\/","title":{"rendered":"Zoom sur\u2026 le protocole de l\u2019\u00cele de r\u00e9"},"content":{"rendered":"\n<p>Le protocole de l\u2019\u00cele de R\u00e9 est un texte cadre \u00e9crit en mai 1998, modifi\u00e9 et actualis\u00e9 en 2007.<\/p>\n\n\n\n<p>Ce texte, apr\u00e8s voir pr\u00e9cis\u00e9 ce qu\u2019est le Yoga, \u00ab voie imm\u00e9moriale de connaissance et d\u2019\u00e9panouissement visant \u00e0 la singularit\u00e9 et \u00e0 la libert\u00e9 de l\u2019individu \u00bb, d\u00e9taille ce qu\u2019est \u2013 et ce que vise \u2013 l\u2019enseignement du yoga au sein de l\u2019IFY, dans la lign\u00e9e vivante transmise par T. Krishnamacarya et son fils T. K. V. Desikachar. Il r\u00e9affirme la r\u00e9f\u00e9rence au texte du Yoga S\u016btra de Pata\u00f1jali et rappelle les principes de la pratique, conformes aux principes de viniyoga (voir l\u2019article \u00e0 ce sujet dans le Blog).<\/p>\n\n\n\n<p>Pour acc\u00e9der au texte : professeure et professeur, il est disponible dans votre espace priv\u00e9 du site\u00a0<a href=\"https:\/\/www.ify.fr\/\">ify.fr<\/a>\u00a0<\/p>\n","protected":false},"excerpt":{"rendered":"<p>Le protocole de l\u2019\u00cele de R\u00e9 est un texte cadre \u00e9crit en mai 1998, modifi\u00e9 et actualis\u00e9 en 2007. Ce [&hellip;]<\/p>\n","protected":false},"featured_media":163,"menu_order":0,"template":"","meta":[],"actualite-categorie":[],"acf":[],"_links":{"self":[{"href":"https:\/\/www.ify.fr\/paca\/wp-json\/wp\/v2\/actualite\/162"}],"collection":[{"href":"https:\/\/www.ify.fr\/paca\/wp-json\/wp\/v2\/actualite"}],"about":[{"href":"https:\/\/www.ify.fr\/paca\/wp-json\/wp\/v2\/types\/actualite"}],"version-history":[{"count":2,"href":"https:\/\/www.ify.fr\/paca\/wp-json\/wp\/v2\/actualite\/162\/revisions"}],"predecessor-version":[{"id":288,"href":"https:\/\/www.ify.fr\/paca\/wp-json\/wp\/v2\/actualite\/162\/revisions\/288"}],"wp:featuredmedia":[{"embeddable":true,"href":"https:\/\/www.ify.fr\/paca\/wp-json\/wp\/v2\/media\/163"}],"wp:attachment":[{"href":"https:\/\/www.ify.fr\/paca\/wp-json\/wp\/v2\/media?parent=162"}],"wp:term":[{"taxonomy":"actualite-categorie","embeddable":true,"href":"https:\/\/www.ify.fr\/paca\/wp-json\/wp\/v2\/actualite-categorie?post=162"}],"curies":[{"name":"wp","href":"https:\/\/api.w.org\/{rel}","templated":true}]}}