{"id":747,"date":"2026-04-06T16:19:16","date_gmt":"2026-04-06T14:19:16","guid":{"rendered":"https:\/\/www.ify.fr\/lyon-centre-est\/?post_type=actualite&#038;p=747"},"modified":"2026-04-07T19:44:31","modified_gmt":"2026-04-07T17:44:31","slug":"atelier-de-yoga-gratuit-sraddha-cultivez-votre-determination-samedi-9-mai-2026","status":"publish","type":"actualite","link":"https:\/\/www.ify.fr\/lyon-centre-est\/actualite\/atelier-de-yoga-gratuit-sraddha-cultivez-votre-determination-samedi-9-mai-2026\/","title":{"rendered":"Atelier de yoga gratuit \u00ab\u00a0\u015araddha,\u00a0cultivez votre d\u00e9termination\u00a0! \u00bb Samedi 9 mai 2026"},"content":{"rendered":"\n<p class=\"has-text-align-center\"><strong>Samedi 9 mai 2026 \u00e0 Saint Martin La Plaine de 14h \u00e0 17h<\/strong><br>Organis\u00e9 par l\u2019Institut Fran\u00e7ais de Yoga &#8211; Lyon Centre-Est \/ IFYLCE<br>Anim\u00e9 par des enseignant.e.s b\u00e9n\u00e9voles de l\u2019IFYLCE<\/p>\n\n\n\n<h3 id=\"atelier-reserve-aux-eleves-adherents-et-aux-eleves-en-formation-de-l-ifylce\">Atelier r\u00e9serv\u00e9 aux \u00e9l\u00e8ves adh\u00e9rents et aux \u00e9l\u00e8ves en formation de l\u2019IFYLCE<\/h3>\n\n\n\n<p>Durant cet atelier de yoga d\u2019une dur\u00e9e de 3 heures, nous alternerons pratiques posturales, temps de m\u00e9ditation et d\u2019\u00e9changes pour comprendre, comment \u015araddh\u0101, la confiance, peut nourrir notre engagement, notre pers\u00e9v\u00e9rance sur le tapis et dans la vie. Cet atelier est une invitation \u00e0 renforcer votre pratique avec joie et d\u00e9termination&nbsp;!<\/p>\n\n\n\n<p class=\"has-text-align-left\"><strong>Tarif<\/strong> : Atelier gratuit pour les adh\u00e9rents \u00e0 jour de leur cotisation 2025-2026.<br>Pour les non-adh\u00e9rents, possibilit\u00e9 d\u2019adh\u00e9sion sur place (par ch\u00e8que) ou \u00e0 l\u2019inscription en ligne sur HelloAsso : 17 \u20ac<\/p>\n\n\n\n<p><strong>Lieu<\/strong>&nbsp;: Salle municipale \u00ab&nbsp;La Gare&nbsp;\u00bb, 1 rue Ren\u00e9 Charre, 42800 Saint Martin La Plaine<\/p>\n\n\n\n<p><strong>Accueil \u00e0 partir de 13h30<\/strong><\/p>\n\n\n\n<p>Parking \u00e0 proximit\u00e9. Pause collation offerte par l\u2019IFYLCE. Apporter tapis, coussin, support d\u2019assise et v\u00eatements adapt\u00e9s.<br>Places limit\u00e9es \u00e0 40 personnes<\/p>\n\n\n\n<p><strong>Inscription<\/strong>\u00a0: <a href=\"https:\/\/www.helloasso.com\/associations\/ify-lce-institut-francais-de-yoga-lyon-centre-est\/evenements\/atelier-de-yoga-gratuit-eleves-de-ifylce-le-9-mai-2026-a-saint-martin-la-plaine\" target=\"_blank\" rel=\"noreferrer noopener\">https:\/\/www.helloasso.com\/associations\/ify-lce-institut-francais-de-yoga-lyon-centre-est\/evenements\/atelier-de-yoga-gratuit-eleves-de-ifylce-le-9-mai-2026-a-saint-martin-la-plaine<\/a><\/p>\n\n\n\n<p>Dans le cas de nouvelle adh\u00e9sion, merci d\u2019\u00e9crire \u00e0 <a href=\"mailto:contact.ifylce@ify.fr\" target=\"_blank\" rel=\"noreferrer noopener\">contact.ifylce@ify.fr<\/a> pour pr\u00e9ciser votre nom, pr\u00e9nom et adresse postale, ou de venir avec un ch\u00e8que et mettre au dos vos coordonn\u00e9es (nom pr\u00e9nom, adresse postale, email). Merci.<\/p>\n\n\n\n<p>Pour toute question, \u00e9crivez \u00e0\u00a0: <a href=\"mailto:contact.ifylce@ify.fr\" target=\"_blank\" rel=\"noreferrer noopener\">contact.ifylce@ify.fr<\/a><\/p>\n\n\n\n<p>Si vous avez un emp\u00eachement, merci de vous d\u00e9sinscrire pour laisser la place \u00e0 d\u2019autres personnes.<\/p>\n","protected":false},"excerpt":{"rendered":"<p>Samedi 9 mai 2026 \u00e0 Saint Martin La Plaine de 14h \u00e0 17hOrganis\u00e9 par l\u2019Institut Fran\u00e7ais de Yoga &#8211; Lyon [&hellip;]<\/p>\n","protected":false},"featured_media":724,"menu_order":0,"template":"","meta":[],"actualite-categorie":[12],"acf":[],"_links":{"self":[{"href":"https:\/\/www.ify.fr\/lyon-centre-est\/wp-json\/wp\/v2\/actualite\/747"}],"collection":[{"href":"https:\/\/www.ify.fr\/lyon-centre-est\/wp-json\/wp\/v2\/actualite"}],"about":[{"href":"https:\/\/www.ify.fr\/lyon-centre-est\/wp-json\/wp\/v2\/types\/actualite"}],"version-history":[{"count":3,"href":"https:\/\/www.ify.fr\/lyon-centre-est\/wp-json\/wp\/v2\/actualite\/747\/revisions"}],"predecessor-version":[{"id":750,"href":"https:\/\/www.ify.fr\/lyon-centre-est\/wp-json\/wp\/v2\/actualite\/747\/revisions\/750"}],"wp:featuredmedia":[{"embeddable":true,"href":"https:\/\/www.ify.fr\/lyon-centre-est\/wp-json\/wp\/v2\/media\/724"}],"wp:attachment":[{"href":"https:\/\/www.ify.fr\/lyon-centre-est\/wp-json\/wp\/v2\/media?parent=747"}],"wp:term":[{"taxonomy":"actualite-categorie","embeddable":true,"href":"https:\/\/www.ify.fr\/lyon-centre-est\/wp-json\/wp\/v2\/actualite-categorie?post=747"}],"curies":[{"name":"wp","href":"https:\/\/api.w.org\/{rel}","templated":true}]}}