{"id":728,"date":"2026-01-14T13:40:48","date_gmt":"2026-01-14T12:40:48","guid":{"rendered":"https:\/\/www.ify.fr\/lyon-centre-est\/?post_type=actualite&#038;p=728"},"modified":"2026-01-19T13:09:35","modified_gmt":"2026-01-19T12:09:35","slug":"calendrier-activites-ifylce-2025-2026","status":"publish","type":"actualite","link":"https:\/\/www.ify.fr\/lyon-centre-est\/actualite\/calendrier-activites-ifylce-2025-2026\/","title":{"rendered":"Calendrier Activite\u0301s IFYLCE 2025 2026"},"content":{"rendered":"\n<p>Ch\u00e8res adh\u00e9rentes, chers adh\u00e9rents,<\/p>\n\n\n\n<p>Le calendrier des premi\u00e8res activit\u00e9s mises en place pour l&rsquo;ann\u00e9e 2025-2026 est \u00e0 pr\u00e9sent disponible. Au plaisir de vous retrouver sur ces \u00e9v\u00e9nements !<\/p>\n\n\n\n<figure class=\"wp-block-image size-full\"><img loading=\"lazy\" width=\"1009\" height=\"505\" src=\"https:\/\/www.ify.fr\/lyon-centre-est\/wp-content\/uploads\/sites\/5\/2026\/01\/Calendrier-Activite\u0301s-IFYLCE-2025-2026-16janv26.png\" alt=\"\" class=\"wp-image-730\" srcset=\"https:\/\/www.ify.fr\/lyon-centre-est\/wp-content\/uploads\/sites\/5\/2026\/01\/Calendrier-Activite\u0301s-IFYLCE-2025-2026-16janv26.png 1009w, https:\/\/www.ify.fr\/lyon-centre-est\/wp-content\/uploads\/sites\/5\/2026\/01\/Calendrier-Activite\u0301s-IFYLCE-2025-2026-16janv26-300x150.png 300w, https:\/\/www.ify.fr\/lyon-centre-est\/wp-content\/uploads\/sites\/5\/2026\/01\/Calendrier-Activite\u0301s-IFYLCE-2025-2026-16janv26-768x384.png 768w\" sizes=\"(max-width: 1009px) 100vw, 1009px\" \/><figcaption>Calendrier Activite\u0301s IFYLCE 2025 2026 (12janv26)<\/figcaption><\/figure>\n","protected":false},"excerpt":{"rendered":"<p>Ch\u00e8res adh\u00e9rentes, chers adh\u00e9rents, Le calendrier des premi\u00e8res activit\u00e9s mises en place pour l&rsquo;ann\u00e9e 2025-2026 est \u00e0 pr\u00e9sent disponible. Au [&hellip;]<\/p>\n","protected":false},"featured_media":730,"menu_order":0,"template":"","meta":[],"actualite-categorie":[9],"acf":[],"_links":{"self":[{"href":"https:\/\/www.ify.fr\/lyon-centre-est\/wp-json\/wp\/v2\/actualite\/728"}],"collection":[{"href":"https:\/\/www.ify.fr\/lyon-centre-est\/wp-json\/wp\/v2\/actualite"}],"about":[{"href":"https:\/\/www.ify.fr\/lyon-centre-est\/wp-json\/wp\/v2\/types\/actualite"}],"version-history":[{"count":3,"href":"https:\/\/www.ify.fr\/lyon-centre-est\/wp-json\/wp\/v2\/actualite\/728\/revisions"}],"predecessor-version":[{"id":732,"href":"https:\/\/www.ify.fr\/lyon-centre-est\/wp-json\/wp\/v2\/actualite\/728\/revisions\/732"}],"wp:featuredmedia":[{"embeddable":true,"href":"https:\/\/www.ify.fr\/lyon-centre-est\/wp-json\/wp\/v2\/media\/730"}],"wp:attachment":[{"href":"https:\/\/www.ify.fr\/lyon-centre-est\/wp-json\/wp\/v2\/media?parent=728"}],"wp:term":[{"taxonomy":"actualite-categorie","embeddable":true,"href":"https:\/\/www.ify.fr\/lyon-centre-est\/wp-json\/wp\/v2\/actualite-categorie?post=728"}],"curies":[{"name":"wp","href":"https:\/\/api.w.org\/{rel}","templated":true}]}}