{"id":608,"date":"2025-01-14T21:10:05","date_gmt":"2025-01-14T20:10:05","guid":{"rendered":"https:\/\/www.ify.fr\/lyon-centre-est\/?post_type=actualite&#038;p=608"},"modified":"2025-03-23T10:07:44","modified_gmt":"2025-03-23T09:07:44","slug":"atelier-gratuit-yoga-et-meditation","status":"publish","type":"actualite","link":"https:\/\/www.ify.fr\/lyon-centre-est\/actualite\/atelier-gratuit-yoga-et-meditation\/","title":{"rendered":"(pass\u00e9) Atelier gratuit \u00ab Yoga et m\u00e9ditation\u00a0\u00bb 15 mars \u00e0 Annecy-Le-Vieux"},"content":{"rendered":"\n<p class=\"has-text-align-center\"><strong>Samedi 15 mars 2025 de 14h \u00e0 17h \u00e0 Annecy-Le-Vieux<\/strong><br>Organis\u00e9 par l\u2019Institut Fran\u00e7ais de Yoga &#8211; Lyon Centre Est \/ <span style=\"text-decoration: underline\">IFYLCE<\/span><br>Anim\u00e9 par des enseignantes b\u00e9n\u00e9voles de l\u2019IFYLCE<\/p>\n\n\n\n<h2 class=\"has-text-align-center\" id=\"atelier-reserve-aux-eleves-adherents-et-aux-eleves-en-formation-de-l-ifylce\">Atelier r\u00e9serv\u00e9 aux \u00e9l\u00e8ves adh\u00e9rents et aux \u00e9l\u00e8ves en formation de l\u2019IFYLCE<\/h2>\n\n\n\n<p class=\"has-text-align-center\"><em>Atelier gratuit pour les adh\u00e9rents \u00e0 jour de leur cotisation 2024-2025.<\/em><br><em>Pour les non-adh\u00e9rents, possibilit\u00e9 d\u2019adh\u00e9sion sur place (par ch\u00e8que) ou \u00e0 l\u2019inscription en ligne sur HelloAsso : 17 \u20ac<\/em><\/p>\n\n\n\n<p class=\"has-text-align-center\">Lieu : MJC des Carr\u00e9s &#8211; 43 avenue des Carr\u00e9s \u2013 74940 Annecy-Le-Vieux<\/p>\n\n\n\n<p><strong>Accueil<\/strong> \u00e0 partir de 13h30<\/p>\n\n\n\n<p>Durant cet apr\u00e8s-midi, 2 temps de pratiques seront propos\u00e9s. Nous r\u00e9fl\u00e9chirons ensemble pendant un temps d\u2019\u00e9change sur les liens entre yoga et m\u00e9ditation.<\/p>\n\n\n\n<p>Pause collation offerte par l\u2019IFYLCE<br>Apporter tapis, coussin, support d\u2019assise et v\u00eatements chauds<br>Places limit\u00e9es \u00e0 25 personnes<\/p>\n\n\n\n<p>Lien pour l\u2019inscription : <a rel=\"noreferrer noopener\" href=\"https:\/\/www.helloasso.com\/associations\/ify-lce-institut-francais-de-yoga-lyon-centre-est\/evenements\/atelier-de-yoga-gratuit-pour-les-eleves-de-ifylce-le-samedi-15-mars-2025-annecy\" target=\"_blank\">https:\/\/www.helloasso.com\/associations\/ify-lce-institut-francais-de-yoga-lyon-centre-est\/evenements\/atelier-de-yoga-gratuit-pour-les-eleves-de-ifylce-le-samedi-15-mars-2025-annecy<\/a><\/p>\n\n\n\n<p>Dans le cas de nouvelle adh\u00e9sion, merci d\u2019\u00e9crire \u00e0 <a href=\"mailto:contact.ifylce@ify.fr\">contact.ifylce@ify.fr<\/a> pour pr\u00e9ciser votre nom, pr\u00e9nom et adresse postale ou venir avec un ch\u00e8que et mettre au dos vos coordonn\u00e9es (nom pr\u00e9nom, adresse postale, email)<\/p>\n\n\n\n<p><em>Merci de vous d\u00e9sinscrire si vous avez un emp\u00eachement pour laisser la place \u00e0 d\u2019autres personnes.<\/em><\/p>\n","protected":false},"excerpt":{"rendered":"<p>Samedi 15 mars 2025 de 14h \u00e0 17h \u00e0 Annecy-Le-VieuxOrganis\u00e9 par l\u2019Institut Fran\u00e7ais de Yoga &#8211; Lyon Centre Est \/ [&hellip;]<\/p>\n","protected":false},"featured_media":643,"menu_order":0,"template":"","meta":[],"actualite-categorie":[12],"acf":[],"_links":{"self":[{"href":"https:\/\/www.ify.fr\/lyon-centre-est\/wp-json\/wp\/v2\/actualite\/608"}],"collection":[{"href":"https:\/\/www.ify.fr\/lyon-centre-est\/wp-json\/wp\/v2\/actualite"}],"about":[{"href":"https:\/\/www.ify.fr\/lyon-centre-est\/wp-json\/wp\/v2\/types\/actualite"}],"version-history":[{"count":6,"href":"https:\/\/www.ify.fr\/lyon-centre-est\/wp-json\/wp\/v2\/actualite\/608\/revisions"}],"predecessor-version":[{"id":672,"href":"https:\/\/www.ify.fr\/lyon-centre-est\/wp-json\/wp\/v2\/actualite\/608\/revisions\/672"}],"wp:featuredmedia":[{"embeddable":true,"href":"https:\/\/www.ify.fr\/lyon-centre-est\/wp-json\/wp\/v2\/media\/643"}],"wp:attachment":[{"href":"https:\/\/www.ify.fr\/lyon-centre-est\/wp-json\/wp\/v2\/media?parent=608"}],"wp:term":[{"taxonomy":"actualite-categorie","embeddable":true,"href":"https:\/\/www.ify.fr\/lyon-centre-est\/wp-json\/wp\/v2\/actualite-categorie?post=608"}],"curies":[{"name":"wp","href":"https:\/\/api.w.org\/{rel}","templated":true}]}}