{"id":746,"date":"2024-06-17T09:59:19","date_gmt":"2024-06-17T07:59:19","guid":{"rendered":"https:\/\/www.ify.fr\/espace-nord\/?post_type=actualite&#038;p=746"},"modified":"2024-06-17T10:06:33","modified_gmt":"2024-06-17T08:06:33","slug":"__trashed","status":"publish","type":"actualite","link":"https:\/\/www.ify.fr\/espace-nord\/actualite\/__trashed\/","title":{"rendered":"ATELIER YOGA KARMA"},"content":{"rendered":"\n<p>Odile Debruille vous propose un stage de yoga le 6 et 7 juillet 2024 anim\u00e9 par <strong>Ludovic Borrel *<\/strong> sur le th\u00e8me du karma yoga tel que d\u00e9crit dans les Yoga Sutra et dans la Bhagavad Gita. Ce stage sera une fa\u00e7on d\u2019approfondir ce que vous vivez sur votre tapis de yoga, d\u2019explorer de nouveaux horizons et d\u2019int\u00e9grer ces d\u00e9couvertes dans le quotidien. Le stage se d\u00e9roule \u00e0 la salle des Arts Martiaux de Rosult. Les horaires sont de 9h \u00e0 12h et de 14h \u00e0 18h. &nbsp;<a href=\"https:\/\/www.ify.fr\/espace-nord\/bulletin-inscription-karma-yoga\/\">https:\/\/www.ify.fr\/espace-nord\/bulletin-inscription-karma-yoga\/<\/a><\/p>\n\n\n\n<p><\/p>\n\n\n\n<h2><\/h2>\n\n\n\n<p><\/p>\n","protected":false},"excerpt":{"rendered":"<p>Odile Debruille vous propose un stage de yoga le 6 et 7 juillet 2024 anim\u00e9 par Ludovic Borrel * sur [&hellip;]<\/p>\n","protected":false},"featured_media":752,"menu_order":0,"template":"","meta":[],"actualite-categorie":[9],"acf":[],"_links":{"self":[{"href":"https:\/\/www.ify.fr\/espace-nord\/wp-json\/wp\/v2\/actualite\/746"}],"collection":[{"href":"https:\/\/www.ify.fr\/espace-nord\/wp-json\/wp\/v2\/actualite"}],"about":[{"href":"https:\/\/www.ify.fr\/espace-nord\/wp-json\/wp\/v2\/types\/actualite"}],"version-history":[{"count":6,"href":"https:\/\/www.ify.fr\/espace-nord\/wp-json\/wp\/v2\/actualite\/746\/revisions"}],"predecessor-version":[{"id":761,"href":"https:\/\/www.ify.fr\/espace-nord\/wp-json\/wp\/v2\/actualite\/746\/revisions\/761"}],"wp:featuredmedia":[{"embeddable":true,"href":"https:\/\/www.ify.fr\/espace-nord\/wp-json\/wp\/v2\/media\/752"}],"wp:attachment":[{"href":"https:\/\/www.ify.fr\/espace-nord\/wp-json\/wp\/v2\/media?parent=746"}],"wp:term":[{"taxonomy":"actualite-categorie","embeddable":true,"href":"https:\/\/www.ify.fr\/espace-nord\/wp-json\/wp\/v2\/actualite-categorie?post=746"}],"curies":[{"name":"wp","href":"https:\/\/api.w.org\/{rel}","templated":true}]}}